{"id":6005,"date":"2014-11-10T11:03:26","date_gmt":"2014-11-10T15:03:26","guid":{"rendered":"http:\/\/igrundun.wordpress.com\/?p=6005"},"modified":"2014-11-10T11:03:26","modified_gmt":"2014-11-10T15:03:26","slug":"kristilega-skolahreyfingin","status":"publish","type":"post","link":"https:\/\/ispeculate.net\/writings\/2014\/11\/10\/kristilega-skolahreyfingin\/","title":{"rendered":"Kristilega sk\u00f3lahreyfingin"},"content":{"rendered":"<p>\u00cd dag var m\u00e9r bent \u00e1 augl\u00fdsingu fr\u00e1 Kristilegu sk\u00f3lahreyfingunni \u00fear sem leita\u00f0 er\u00a0eftir einstaklingi me\u00f0 dj\u00e1kna- e\u00f0a gu\u00f0fr\u00e6\u00f0imenntun til starfa sem starfsma\u00f0ur Kristilegu sk\u00f3lahreyfingarinnar, KSH, \u00ed 50% starf.\u00a0\u00deegar \u00e9g f\u00e9kk v\u00edgslu sem dj\u00e1kni fyrir 17 \u00e1rum \u00fe\u00e1 var \u00feetta draumaframt\u00ed\u00f0arstarfi\u00f0 mitt.\u00a0<!--more--><\/p>\n<p>\u00cd umr\u00e6\u00f0u um atvinnuhorfur og framt\u00ed\u00f0arstarfsm\u00f6guleika \u00ed kirkjunni, \u00fe\u00e1 er \u00e1hugavert a\u00f0 sko\u00f0a\u00a0hvernig \u00feetta starf vir\u00f0ist hafa opna\u00f0 t\u00e6kif\u00e6ri fyrir starfsmenn til frama \u00e1 vettvangi kirkju og kristni \u00e1 \u00cdslandi. H\u00e9r \u00e1 eftir er listi yfir \u00fe\u00e1 starfsmenn sem \u00e9g man eftir a\u00f0 hafi starfa\u00f0 sem sk\u00f3laprestar\/framkv\u00e6mdastj\u00f3rar sk\u00f3lahreyfingarinnar fr\u00e1 upphafi. Listinn er ekki nau\u00f0synlega \u00ed r\u00e9ttri r\u00f6\u00f0.<\/p>\n<ul>\n<li>J\u00f3n Dalb\u00fa Hr\u00f3bjartsson, fyrrv. pr\u00f3fastur og s\u00f3knarprestur \u00ed Hallgr\u00edmskirkju.<\/li>\n<li>G\u00edsli J\u00f3nasson, pr\u00f3fastur og s\u00f3knarprestur \u00ed Brei\u00f0holtskirkju.<\/li>\n<li>\u00d3lafur J\u00f3hannsson, s\u00f3knarprestur \u00ed Grens\u00e1skirkju.<\/li>\n<li>Gu\u00f0ni Gunnarsson (l\u00e1tinn).\n<ul>\n<li>Hildur Sigur\u00f0ard\u00f3ttir, prestur.\n<ul>\n<li><em>Hildur var \u00e1rsma\u00f0ur KSH og leysti Gu\u00f0na af \u00ed veikindum hans.<\/em><\/li>\n<\/ul>\n<\/li>\n<\/ul>\n<\/li>\n<li>Gy\u00f0a Karlsd\u00f3ttir, fyrrv. framkv\u00e6mdastj\u00f3ri KFUM og KFUK \u00e1 \u00cdslandi.<\/li>\n<li>Ragnhildur \u00c1sgeirsd\u00f3ttir, framkv\u00e6mdastj\u00f3ri Hins \u00edslenska Bibl\u00eduf\u00e9lags.<\/li>\n<li>Ragnar Gunnarsson, framkv\u00e6mdastj\u00f3ri Sambands \u00edslenskra Kristnibo\u00f0sf\u00e9laga.<\/li>\n<li>Gu\u00f0mundur Karl Brynjarsson, s\u00f3knarprestur \u00ed Lindakirkju.<\/li>\n<li>Gu\u00f0ni M\u00e1r Har\u00f0arson, prestur \u00ed Lindakirkju.<\/li>\n<li>J\u00f3n \u00d3mar Gunnarsson, prestur \u00ed Gler\u00e1rkirkju.<\/li>\n<li>Magnea Sverrisd\u00f3ttir, dj\u00e1kni og kennari, fulltr\u00fai \u00cdslands \u00ed stj\u00f3rn L\u00fatherska Heimssambandsins.<\/li>\n<\/ul>\n<p>\u00deegar horft er yfir listann vir\u00f0ist starfi\u00f0 n\u00fdtast sem st\u00f6kkpallur til metor\u00f0a \u00ed kirkjunni. Ef vi\u00f0 l\u00edtum svo \u00e1 a\u00f0 verkefni pr\u00f3fasta, s\u00f3knarprestsst\u00f6rf, \u00fej\u00f3nusta \u00ed st\u00f3rum prestak\u00f6llum e\u00f0a framkv\u00e6mdastj\u00f3rast\u00f6\u00f0ur \u00ed virtum f\u00e9lagasamt\u00f6kum s\u00e9u m\u00e6likvar\u00f0i \u00e1 \u00e1rangur \u00ed starfi.<\/p>\n<p>\u00deegar \u00e9g var r\u00edflega tv\u00edtugur \u00fe\u00e1 s\u00e1 \u00e9g \u00feetta fyrir m\u00e9r sem framt\u00ed\u00f0arstarf, enda \u00e1 \u00feeim t\u00edma f\u00e1t\u00edtt a\u00f0 geta unni\u00f0 me\u00f0 f\u00f3lki \u00e1 aldrinum 16-25 \u00e1ra \u00e1 vettvangi kirkju og kristni.<\/p>\n<p>En hvort sem ums\u00e6kendur telja \u00feetta m\u00f6gulegt framt\u00ed\u00f0arstarf e\u00f0a 3-5 \u00e1ra millileik, \u00fe\u00e1 er \u00f3h\u00e6tt a\u00f0 segja a\u00f0 t\u00e6kif\u00e6ri\u00f0 s\u00e9\u00a0fr\u00e1b\u00e6rt.<\/p>\n","protected":false},"excerpt":{"rendered":"<p>\u00cd dag var m\u00e9r bent \u00e1 augl\u00fdsingu fr\u00e1 Kristilegu sk\u00f3lahreyfingunni \u00fear sem leita\u00f0 er\u00a0eftir einstaklingi me\u00f0 dj\u00e1kna- e\u00f0a gu\u00f0fr\u00e6\u00f0imenntun til starfa sem starfsma\u00f0ur Kristilegu sk\u00f3lahreyfingarinnar, KSH, \u00ed 50% starf.\u00a0\u00deegar \u00e9g f\u00e9kk v\u00edgslu sem dj\u00e1kni fyrir 17 \u00e1rum \u00fe\u00e1 var \u00feetta draumaframt\u00ed\u00f0arstarfi\u00f0 mitt.\u00a0<\/p>\n","protected":false},"author":1,"featured_media":0,"comment_status":"open","ping_status":"open","sticky":false,"template":"","format":"standard","meta":{"wds_primary_category":0,"footnotes":""},"categories":[2],"tags":[31,87,95,97,144,168],"class_list":["post-6005","post","type-post","status-publish","format-standard","hentry","category-islenska","tag-clergy","tag-iceland","tag-kfumk","tag-leadership","tag-state","tag-youthwork"],"_links":{"self":[{"href":"https:\/\/ispeculate.net\/writings\/wp-json\/wp\/v2\/posts\/6005","targetHints":{"allow":["GET"]}}],"collection":[{"href":"https:\/\/ispeculate.net\/writings\/wp-json\/wp\/v2\/posts"}],"about":[{"href":"https:\/\/ispeculate.net\/writings\/wp-json\/wp\/v2\/types\/post"}],"author":[{"embeddable":true,"href":"https:\/\/ispeculate.net\/writings\/wp-json\/wp\/v2\/users\/1"}],"replies":[{"embeddable":true,"href":"https:\/\/ispeculate.net\/writings\/wp-json\/wp\/v2\/comments?post=6005"}],"version-history":[{"count":0,"href":"https:\/\/ispeculate.net\/writings\/wp-json\/wp\/v2\/posts\/6005\/revisions"}],"wp:attachment":[{"href":"https:\/\/ispeculate.net\/writings\/wp-json\/wp\/v2\/media?parent=6005"}],"wp:term":[{"taxonomy":"category","embeddable":true,"href":"https:\/\/ispeculate.net\/writings\/wp-json\/wp\/v2\/categories?post=6005"},{"taxonomy":"post_tag","embeddable":true,"href":"https:\/\/ispeculate.net\/writings\/wp-json\/wp\/v2\/tags?post=6005"}],"curies":[{"name":"wp","href":"https:\/\/api.w.org\/{rel}","templated":true}]}}