{"id":5975,"date":"2014-10-08T10:52:19","date_gmt":"2014-10-08T14:52:19","guid":{"rendered":"http:\/\/igrundun.wordpress.com\/?p=5975"},"modified":"2014-10-08T10:52:19","modified_gmt":"2014-10-08T14:52:19","slug":"4-mosebok-17-kafli","status":"publish","type":"post","link":"https:\/\/ispeculate.net\/writings\/2014\/10\/08\/4-mosebok-17-kafli\/","title":{"rendered":"4. M\u00f3seb\u00f3k 17. kafli"},"content":{"rendered":"<p>\u00cdsraels\u00fej\u00f3\u00f0in l\u00edtur ekki svo \u00e1 a\u00f0 Gu\u00f0 hafi teki\u00f0 andst\u00e6\u00f0inga M\u00f3se og Arons af l\u00edfi. \u00dea\u00f0 hafi veri\u00f0 verk \u00feeirra br\u00e6\u00f0ra, \u00feannig a\u00f0 \u00ed fyrstu dregur ekki \u00far m\u00f3tm\u00e6lum. Gu\u00f0 er sag\u00f0ur senda dreps\u00f3tt \u00ed b\u00fa\u00f0irnar og en Aron og M\u00f3se breg\u00f0ast vi\u00f0 me\u00f0 fri\u00f0\u00fe\u00e6gingarhelgihaldi til a\u00f0 r\u00f3a Gu\u00f0.\u00a0<!--more--><\/p>\n<p>\u00de\u00e1 kallar M\u00f3se fram t\u00e1kn fr\u00e1 Gu\u00f0i til a\u00f0 s\u00fdna fram \u00e1 s\u00e9rst\u00f6\u00f0u Lev\u00edta \u00ed samf\u00e9lagi \u00cdsraels\u00fej\u00f3\u00f0arinnar.<\/p>\n<p>\u00dea\u00f0 er \u00fdmislegt truflandi \u00ed textanum \u00ed \u00feessum kafla. \u00deannig \u00e1kve\u00f0ur M\u00f3se a\u00f0 setja \u00e1 altari samkundunnar t\u00e1kn um \u00fea\u00f0 hvernig andst\u00e6\u00f0ingar \u00feeirra br\u00e6\u00f0ra voru teknir af l\u00edfi af Gu\u00f0i. Eins er laufga\u00f0i stafurinn sem s\u00fdna \u00e1 vel\u00fe\u00f3knun Gu\u00f0s \u00e1 lev\u00edtum haf\u00f0ur til s\u00fdnis sem \u00e1minningu um st\u00e9ttarskiptinguna.<\/p>\n","protected":false},"excerpt":{"rendered":"<p>\u00cdsraels\u00fej\u00f3\u00f0in l\u00edtur ekki svo \u00e1 a\u00f0 Gu\u00f0 hafi teki\u00f0 andst\u00e6\u00f0inga M\u00f3se og Arons af l\u00edfi. \u00dea\u00f0 hafi veri\u00f0 verk \u00feeirra br\u00e6\u00f0ra, \u00feannig a\u00f0 \u00ed fyrstu dregur ekki \u00far m\u00f3tm\u00e6lum. Gu\u00f0 er sag\u00f0ur senda dreps\u00f3tt \u00ed b\u00fa\u00f0irnar og en Aron og M\u00f3se breg\u00f0ast vi\u00f0 me\u00f0 fri\u00f0\u00fe\u00e6gingarhelgihaldi til a\u00f0 r\u00f3a Gu\u00f0.\u00a0<\/p>\n","protected":false},"author":1,"featured_media":0,"comment_status":"open","ping_status":"open","sticky":false,"template":"","format":"standard","meta":{"wds_primary_category":0,"footnotes":""},"categories":[4],"tags":[39,70,89,97,118],"class_list":["post-5975","post","type-post","status-publish","format-standard","hentry","category-lestur","tag-crap","tag-gods-plan","tag-injustice","tag-leadership","tag-politics"],"_links":{"self":[{"href":"https:\/\/ispeculate.net\/writings\/wp-json\/wp\/v2\/posts\/5975","targetHints":{"allow":["GET"]}}],"collection":[{"href":"https:\/\/ispeculate.net\/writings\/wp-json\/wp\/v2\/posts"}],"about":[{"href":"https:\/\/ispeculate.net\/writings\/wp-json\/wp\/v2\/types\/post"}],"author":[{"embeddable":true,"href":"https:\/\/ispeculate.net\/writings\/wp-json\/wp\/v2\/users\/1"}],"replies":[{"embeddable":true,"href":"https:\/\/ispeculate.net\/writings\/wp-json\/wp\/v2\/comments?post=5975"}],"version-history":[{"count":0,"href":"https:\/\/ispeculate.net\/writings\/wp-json\/wp\/v2\/posts\/5975\/revisions"}],"wp:attachment":[{"href":"https:\/\/ispeculate.net\/writings\/wp-json\/wp\/v2\/media?parent=5975"}],"wp:term":[{"taxonomy":"category","embeddable":true,"href":"https:\/\/ispeculate.net\/writings\/wp-json\/wp\/v2\/categories?post=5975"},{"taxonomy":"post_tag","embeddable":true,"href":"https:\/\/ispeculate.net\/writings\/wp-json\/wp\/v2\/tags?post=5975"}],"curies":[{"name":"wp","href":"https:\/\/api.w.org\/{rel}","templated":true}]}}