{"id":5972,"date":"2014-10-06T22:22:31","date_gmt":"2014-10-07T02:22:31","guid":{"rendered":"http:\/\/igrundun.wordpress.com\/?p=5972"},"modified":"2014-10-06T22:22:31","modified_gmt":"2014-10-07T02:22:31","slug":"4-mosebok-16-kafli","status":"publish","type":"post","link":"https:\/\/ispeculate.net\/writings\/2014\/10\/06\/4-mosebok-16-kafli\/","title":{"rendered":"4. M\u00f3seb\u00f3k 16. kafli"},"content":{"rendered":"<blockquote><p>\u00deeir s\u00f6fnu\u00f0ust saman gegn M\u00f3se og Aroni og s\u00f6g\u00f0u vi\u00f0 \u00fe\u00e1: \u201e\u00dei\u00f0 \u00e6tli\u00f0 ykkur um of \u00fev\u00ed a\u00f0 allur s\u00f6fnu\u00f0urinn er heilagur og Drottinn er mitt \u00e1 me\u00f0al hans. Hvers vegna hefji\u00f0 \u00fei\u00f0 sj\u00e1lfa ykkur yfir s\u00f6fnu\u00f0 Drottins?\u201c<\/p><\/blockquote>\n<p><!--more--><\/p>\n<p>Enn \u00e1 n\u00fd m\u00e6ttu\u00a0M\u00f3se og Aron andst\u00f6\u00f0u.Gagnr\u00fdnendurnir voru\u00a0lev\u00edtar og fyrstu vi\u00f0br\u00f6g\u00f0 M\u00f3se voru\u00a0a\u00f0 minna \u00fe\u00e1 \u00e1 st\u00f6\u00f0una sem \u00feeir h\u00f6f\u00f0u\u00a0hj\u00e1 \u00cdsraels\u00fej\u00f3\u00f0inni, \u00e1saka \u00fe\u00e1 um tilraun til valdar\u00e1ns og a\u00f0 \u00fev\u00ed loknu leita\u00f0i\u00a0hann til Gu\u00f0s. Fyrstu vi\u00f0br\u00f6g\u00f0 Gu\u00f0s voru\u00a0a\u00f0<a title=\"4. M\u00f3seb\u00f3k 14. kafli\" href=\"http:\/\/igrundun.wordpress.com\/2014\/10\/04\/4-mosebok-14-kafli\/\">\u00a0\u00fatr\u00fdma<\/a> \u00cdsraels\u00fej\u00f3\u00f0inni. M\u00f3se bi\u00f0ur\u00a0hann um a\u00f0 miskunna sig yfir \u00fej\u00f3\u00f0ina og l\u00e1ta refsinguna bitna einv\u00f6r\u00f0ungu \u00e1 \u00feeim sem gagnr\u00fdndu \u00fe\u00e1 br\u00e6\u00f0ur.<\/p>\n<p>Gu\u00f0 sannf\u00e6r\u00f0ist og l\u00e9t\u00a0j\u00f6r\u00f0ina opna gin sitt og gleypa tj\u00f6ld andst\u00e6\u00f0inganna<\/p>\n<blockquote><p>svo a\u00f0 \u00feeir fari lifandi ni\u00f0ur til heljar, &#8230;<\/p><\/blockquote>\n<p>\u00dea\u00f0 vekur athygli m\u00edna a\u00f0 hugtaki\u00f0 hel er nota\u00f0, enda skapar \u00fea\u00f0 sterk hugrenningatengsl vi\u00f0 tv\u00edhyggju, gott og illt, sta\u00f0inn \u00fear sem vondir munu \u00fej\u00e1st eftir dau\u00f0ann. Hebreska hugtaki\u00f0 Sheol, sem h\u00e9r er \u00fe\u00fdtt sem hel, er hins vegar ekki helv\u00edti, heldur mun almennara hugtak sem v\u00edsar til sta\u00f0arins \u00fear sem allir dau\u00f0ir dvelja, \u00f3h\u00e1\u00f0 heg\u00f0un, tr\u00fa, l\u00edfsmynstri og sko\u00f0unum.<\/p>\n","protected":false},"excerpt":{"rendered":"<p>\u00deeir s\u00f6fnu\u00f0ust saman gegn M\u00f3se og Aroni og s\u00f6g\u00f0u vi\u00f0 \u00fe\u00e1: \u201e\u00dei\u00f0 \u00e6tli\u00f0 ykkur um of \u00fev\u00ed a\u00f0 allur s\u00f6fnu\u00f0urinn er heilagur og Drottinn er mitt \u00e1 me\u00f0al hans. Hvers vegna hefji\u00f0 \u00fei\u00f0 sj\u00e1lfa ykkur yfir s\u00f6fnu\u00f0 Drottins?\u201c<\/p>\n","protected":false},"author":1,"featured_media":0,"comment_status":"open","ping_status":"open","sticky":false,"template":"","format":"standard","meta":{"wds_primary_category":0,"footnotes":""},"categories":[4],"tags":[31,59,80,89,97],"class_list":["post-5972","post","type-post","status-publish","format-standard","hentry","category-lestur","tag-clergy","tag-evil","tag-hell","tag-injustice","tag-leadership"],"_links":{"self":[{"href":"https:\/\/ispeculate.net\/writings\/wp-json\/wp\/v2\/posts\/5972","targetHints":{"allow":["GET"]}}],"collection":[{"href":"https:\/\/ispeculate.net\/writings\/wp-json\/wp\/v2\/posts"}],"about":[{"href":"https:\/\/ispeculate.net\/writings\/wp-json\/wp\/v2\/types\/post"}],"author":[{"embeddable":true,"href":"https:\/\/ispeculate.net\/writings\/wp-json\/wp\/v2\/users\/1"}],"replies":[{"embeddable":true,"href":"https:\/\/ispeculate.net\/writings\/wp-json\/wp\/v2\/comments?post=5972"}],"version-history":[{"count":0,"href":"https:\/\/ispeculate.net\/writings\/wp-json\/wp\/v2\/posts\/5972\/revisions"}],"wp:attachment":[{"href":"https:\/\/ispeculate.net\/writings\/wp-json\/wp\/v2\/media?parent=5972"}],"wp:term":[{"taxonomy":"category","embeddable":true,"href":"https:\/\/ispeculate.net\/writings\/wp-json\/wp\/v2\/categories?post=5972"},{"taxonomy":"post_tag","embeddable":true,"href":"https:\/\/ispeculate.net\/writings\/wp-json\/wp\/v2\/tags?post=5972"}],"curies":[{"name":"wp","href":"https:\/\/api.w.org\/{rel}","templated":true}]}}