{"id":5954,"date":"2014-09-30T10:26:20","date_gmt":"2014-09-30T14:26:20","guid":{"rendered":"http:\/\/igrundun.wordpress.com\/?p=5954"},"modified":"2014-09-30T10:26:20","modified_gmt":"2014-09-30T14:26:20","slug":"4-mosebok-10-kafli","status":"publish","type":"post","link":"https:\/\/ispeculate.net\/writings\/2014\/09\/30\/4-mosebok-10-kafli\/","title":{"rendered":"4. M\u00f3seb\u00f3k 10. kafli"},"content":{"rendered":"<p>Fyrir r\u00famum 20 \u00e1rum var \u00e9g starfsma\u00f0ur \u00e1 <a title=\"Almennu kristilegu m\u00f3tin\" href=\"http:\/\/igrundun.wordpress.com\/2013\/04\/24\/almennu-kristilegu-motin\/\">almennu kristilegu m\u00f3ti<\/a> \u00ed Vatnask\u00f3gi. \u00c1 \u00feeim t\u00edma vann sumarstarfsf\u00f3lk \u00ed Vatnask\u00f3gi fj\u00f3rar vikur \u00ed r\u00f6\u00f0 \u00ed j\u00fan\u00ed og s\u00e1 s\u00ed\u00f0an um \u00fdmis prakt\u00edsk m\u00e1l helgina sem almenna m\u00f3ti\u00f0 var haldi\u00f0 \u00e1\u00f0ur en fari\u00f0 var \u00ed viku fr\u00ed. Oftar en ekki vorum vi\u00f0 dau\u00f0\u00fereytt eftir 28 daga \u00fathald \u00feegar almennu m\u00f3tin h\u00f3fust, sem \u00e1 stundum leiddi til mistaka og \u00e1rekstra.\u00a0<!--more--><\/p>\n<p>Eitt af fj\u00f6lm\u00f6rgum verkefnum sem vi\u00f0 \u00f6nnu\u00f0umst var a\u00f0 sj\u00e1 um a\u00f0 vekja m\u00f3tsgesti \u00e1 laugardags- og sunnudagsmorgun. Vi\u00f0 sem \u00f6nnu\u00f0umst verkefni\u00f0 t\u00f6ldum a\u00f0 \u00fea\u00f0 a\u00f0 nota l\u00fa\u00f0ur til a\u00f0 vekja f\u00f3lk v\u00e6ri einfaldlega \u00f3mann\u00fa\u00f0leg a\u00f0fer\u00f0, enda haf\u00f0i h\u00fan veri\u00f0 l\u00f6g\u00f0 af \u00ed drengjaflokkum einhverjum \u00e1rum \u00e1\u00f0ur. \u00deess \u00ed sta\u00f0 gengum vi\u00f0 um sv\u00e6\u00f0i\u00f0 me\u00f0 gjallarhorn, bu\u00f0um g\u00f3\u00f0an dag \u00e1 tjaldsv\u00e6\u00f0unum og tilkynntum a\u00f0 \u00fea\u00f0 v\u00e6ri komi\u00f0 a\u00f0 f\u00f3tafer\u00f0at\u00edma.<\/p>\n<p>Vi\u00f0 \u00ed sakleysi og \u00fereytu h\u00e9ldum a\u00f0 vi\u00f0 hef\u00f0um f\u00e6rt standardinn \u00e1 vakningum upp um \u00e1ratugi og vorum stoltir af \u00fev\u00ed a\u00f0 hafa f\u00e6rt almennu m\u00f3tin inn \u00ed framt\u00ed\u00f0ina.<\/p>\n<p>Vi\u00f0 hef\u00f0um ekki geta\u00f0 haft vitlausara fyrir okkur. \u00c1n\u00e6gjan me\u00f0 fegur\u00f0 radda okkar var enginn, k\u00e6rleiksr\u00edk n\u00e1lgun okkar og vinaleg heit voru v\u00e6gast sagt illa s\u00e9\u00f0. Hef\u00f0in ger\u00f0i ekki r\u00e1\u00f0 fyrir \u00feessu.<\/p>\n<blockquote><p>En \u00feegar s\u00f6fnu\u00f0urinn skal koma saman skulu\u00f0 \u00fei\u00f0 \u00feeyta l\u00fa\u00f0rana en ekki hvellt.<\/p><\/blockquote>\n<p>M\u00e9r flaug \u00feetta \u00ed hug \u00feegar \u00e9g les um l\u00fa\u00f0rana sem M\u00f3se l\u00e9t sm\u00ed\u00f0a. Hef\u00f0in fyrir l\u00fa\u00f0rabl\u00e6strinum var eldri en vi\u00f0 \u00e1ttu\u00f0um okkur \u00e1. L\u00fa\u00f0rarnir \u00ed Vatnask\u00f3gi eru me\u00f0vita\u00f0 e\u00f0a \u00f3me\u00f0vita\u00f0 v\u00edsun \u00ed 4. M\u00f3seb\u00f3k 10. kafla.<\/p>\n<p>Gjallarhorni\u00f0 me\u00f0 f\u00f6gru og vinalegu r\u00f6ddunum var \u00feannig merki um afhelgun, brotthvarf fr\u00e1 s\u00f6gu \u00cdsraels\u00fej\u00f3\u00f0arinnar, merki um a\u00f0 ungu starfsmennirnir v\u00e6ru ekki l\u00e6sir \u00e1 ritninguna, skyldu ekki samhengi sitt.<\/p>\n<blockquote><p>\u00c1 gle\u00f0id\u00f6gum ykkar og h\u00e1t\u00ed\u00f0um og vi\u00f0 upphaf m\u00e1na\u00f0a skulu\u00f0 \u00fei\u00f0 \u00feeyta l\u00fa\u00f0rana, einnig vi\u00f0 brennif\u00f3rnir og heillaf\u00f3rnir. \u00deeir munu minna \u00e1 ykkur frammi fyrir augliti Gu\u00f0s ykkar. \u00c9g er Drottinn, Gu\u00f0 ykkar.<\/p><\/blockquote>\n<p style=\"text-align:center\">&#8212;<\/p>\n<p>Annars er \u00e1hugavert \u00ed seinnihluta kaflans, hvernig M\u00f3se leggur \u00e1herslu \u00e1 \u00fea\u00f0 vi\u00f0 tengdaf\u00f6\u00f0ur sinn, H\u00f3bab, a\u00f0 hann yfirgefi ekki tjaldb\u00fa\u00f0ina. \u00c1st\u00e6\u00f0an sem M\u00f3se gefur fyrir \u00fev\u00ed a\u00f0 H\u00f3bab \u00feurfi a\u00f0 fylgja h\u00f3pnum er:<\/p>\n<blockquote><p>Yfirgef\u00f0u okkur ekki. Vegna \u00feess a\u00f0 \u00fe\u00fa veist hvar vi\u00f0 getum tjalda\u00f0 \u00ed ey\u00f0im\u00f6rkinni getur \u00fe\u00fa v\u00edsa\u00f0 okkur veginn.<\/p><\/blockquote>\n<p>En \u00feessi or\u00f0 kallast skemmtilega \u00e1 vi\u00f0 l\u00fdsingar \u00e1 \u00fev\u00ed hvernig \u00fea\u00f0 er sk\u00fd Drottins sem segir \u00feeim hvar skuli tjalda.<\/p>\n","protected":false},"excerpt":{"rendered":"<p>Fyrir r\u00famum 20 \u00e1rum var \u00e9g starfsma\u00f0ur \u00e1 almennu kristilegu m\u00f3ti \u00ed Vatnask\u00f3gi. \u00c1 \u00feeim t\u00edma vann sumarstarfsf\u00f3lk \u00ed Vatnask\u00f3gi fj\u00f3rar vikur \u00ed r\u00f6\u00f0 \u00ed j\u00fan\u00ed og s\u00e1 s\u00ed\u00f0an um \u00fdmis prakt\u00edsk m\u00e1l helgina sem almenna m\u00f3ti\u00f0 var haldi\u00f0 \u00e1\u00f0ur en fari\u00f0 var \u00ed viku fr\u00ed. Oftar en ekki vorum vi\u00f0 dau\u00f0\u00fereytt eftir 28 daga &hellip; <a href=\"https:\/\/ispeculate.net\/writings\/2014\/09\/30\/4-mosebok-10-kafli\/\" class=\"more-link\">Continue reading <span class=\"screen-reader-text\">4. M\u00f3seb\u00f3k 10. kafli<\/span><\/a><\/p>\n","protected":false},"author":1,"featured_media":0,"comment_status":"open","ping_status":"open","sticky":false,"template":"","format":"standard","meta":{"wds_primary_category":0,"footnotes":""},"categories":[4],"tags":[25,95,100,165],"class_list":["post-5954","post","type-post","status-publish","format-standard","hentry","category-lestur","tag-change","tag-kfumk","tag-liturgy","tag-worship"],"_links":{"self":[{"href":"https:\/\/ispeculate.net\/writings\/wp-json\/wp\/v2\/posts\/5954","targetHints":{"allow":["GET"]}}],"collection":[{"href":"https:\/\/ispeculate.net\/writings\/wp-json\/wp\/v2\/posts"}],"about":[{"href":"https:\/\/ispeculate.net\/writings\/wp-json\/wp\/v2\/types\/post"}],"author":[{"embeddable":true,"href":"https:\/\/ispeculate.net\/writings\/wp-json\/wp\/v2\/users\/1"}],"replies":[{"embeddable":true,"href":"https:\/\/ispeculate.net\/writings\/wp-json\/wp\/v2\/comments?post=5954"}],"version-history":[{"count":0,"href":"https:\/\/ispeculate.net\/writings\/wp-json\/wp\/v2\/posts\/5954\/revisions"}],"wp:attachment":[{"href":"https:\/\/ispeculate.net\/writings\/wp-json\/wp\/v2\/media?parent=5954"}],"wp:term":[{"taxonomy":"category","embeddable":true,"href":"https:\/\/ispeculate.net\/writings\/wp-json\/wp\/v2\/categories?post=5954"},{"taxonomy":"post_tag","embeddable":true,"href":"https:\/\/ispeculate.net\/writings\/wp-json\/wp\/v2\/tags?post=5954"}],"curies":[{"name":"wp","href":"https:\/\/api.w.org\/{rel}","templated":true}]}}