{"id":5914,"date":"2014-06-09T13:16:17","date_gmt":"2014-06-09T17:16:17","guid":{"rendered":"http:\/\/igrundun.wordpress.com\/?p=5914"},"modified":"2014-06-09T13:16:17","modified_gmt":"2014-06-09T17:16:17","slug":"nokkrar-greinar-um-radningarferli","status":"publish","type":"post","link":"https:\/\/ispeculate.net\/writings\/2014\/06\/09\/nokkrar-greinar-um-radningarferli\/","title":{"rendered":"Nokkrar greinar um r\u00e1\u00f0ningarferli"},"content":{"rendered":"<p>S\u00ed\u00f0ustu vikur hef \u00e9g veri\u00f0 a\u00f0 sko\u00f0a nokkra fleti \u00e1 r\u00e1\u00f0ningarm\u00e1lum presta \u00ed \u00edslensku \u00fej\u00f3\u00f0kirkjunni og datt \u00ed hug a\u00f0 taka saman v\u00edsanir \u00e1 \u00fe\u00e1 h\u00e9r.<\/p>\n<ul>\n<li>27. ma\u00ed &#8211; <a style=\"font-family:sans-serif;font-style:normal\" title=\"Framt\u00ed\u00f0ars\u00fdn \u00ed starfsmannam\u00e1lum\" href=\"http:\/\/igrundun.wordpress.com\/2014\/05\/27\/framtidarsyn-i-starfsmannamalum\/\">Framt\u00ed\u00f0ars\u00fdn \u00ed starfsmannam\u00e1lum<\/a> \u00e1 ispeculate.net.<\/li>\n<li>30. ma\u00ed &#8211; <a style=\"font-family:sans-serif;font-style:normal\" title=\"Framt\u00ed\u00f0ars\u00fdn \u00ed safna\u00f0arstarfi\" href=\"http:\/\/tru.is\/pistlar\/2014\/05\/framtidarsyn-i-safnadarstarfi\/\">Framt\u00ed\u00f0ars\u00fdn \u00ed safna\u00f0arstarfi<\/a> \u00e1 tr\u00fa.is<\/li>\n<li>4. j\u00fan\u00ed &#8211; <a style=\"font-family:sans-serif;font-style:normal\" title=\"Fagmennska sem kemur \u00e1 \u00f3vart\" href=\"http:\/\/igrundun.wordpress.com\/2014\/06\/04\/fagmennska-sem-kemur-a-ovart\/\">Fagmennska sem kemur \u00e1 \u00f3vart<\/a> \u00e1 ispeculate.net<\/li>\n<li>9. j\u00fan\u00ed &#8211; <a style=\"font-family:sans-serif;font-style:normal\" title=\"\u00deankar um r\u00e1\u00f0ningarferli og n\u00fdli\u00f0un\" href=\"http:\/\/tru.is\/pistlar\/2014\/6\/thankar-um-radningarferli-og-nylidun\">\u00deankar um r\u00e1\u00f0ningarferli og n\u00fdli\u00f0un<\/a> \u00e1samt s\u00e9ra Gu\u00f0na M\u00e1 Har\u00f0arsyni \u00e1 tr\u00fa.is.<\/li>\n<\/ul>\n","protected":false},"excerpt":{"rendered":"<p>S\u00ed\u00f0ustu vikur hef \u00e9g veri\u00f0 a\u00f0 sko\u00f0a nokkra fleti \u00e1 r\u00e1\u00f0ningarm\u00e1lum presta \u00ed \u00edslensku \u00fej\u00f3\u00f0kirkjunni og datt \u00ed hug a\u00f0 taka saman v\u00edsanir \u00e1 \u00fe\u00e1 h\u00e9r. 27. ma\u00ed &#8211; Framt\u00ed\u00f0ars\u00fdn \u00ed starfsmannam\u00e1lum \u00e1 ispeculate.net. 30. ma\u00ed &#8211; Framt\u00ed\u00f0ars\u00fdn \u00ed safna\u00f0arstarfi \u00e1 tr\u00fa.is 4. j\u00fan\u00ed &#8211; Fagmennska sem kemur \u00e1 \u00f3vart \u00e1 ispeculate.net 9. j\u00fan\u00ed &#8211; &hellip; <a href=\"https:\/\/ispeculate.net\/writings\/2014\/06\/09\/nokkrar-greinar-um-radningarferli\/\" class=\"more-link\">Continue reading <span class=\"screen-reader-text\">Nokkrar greinar um r\u00e1\u00f0ningarferli<\/span><\/a><\/p>\n","protected":false},"author":1,"featured_media":0,"comment_status":"open","ping_status":"open","sticky":false,"template":"","format":"standard","meta":{"wds_primary_category":0,"footnotes":""},"categories":[2],"tags":[29,31,69,87,97,118,145],"class_list":["post-5914","post","type-post","status-publish","format-standard","hentry","category-islenska","tag-church","tag-clergy","tag-gender","tag-iceland","tag-leadership","tag-politics","tag-state-church"],"_links":{"self":[{"href":"https:\/\/ispeculate.net\/writings\/wp-json\/wp\/v2\/posts\/5914","targetHints":{"allow":["GET"]}}],"collection":[{"href":"https:\/\/ispeculate.net\/writings\/wp-json\/wp\/v2\/posts"}],"about":[{"href":"https:\/\/ispeculate.net\/writings\/wp-json\/wp\/v2\/types\/post"}],"author":[{"embeddable":true,"href":"https:\/\/ispeculate.net\/writings\/wp-json\/wp\/v2\/users\/1"}],"replies":[{"embeddable":true,"href":"https:\/\/ispeculate.net\/writings\/wp-json\/wp\/v2\/comments?post=5914"}],"version-history":[{"count":0,"href":"https:\/\/ispeculate.net\/writings\/wp-json\/wp\/v2\/posts\/5914\/revisions"}],"wp:attachment":[{"href":"https:\/\/ispeculate.net\/writings\/wp-json\/wp\/v2\/media?parent=5914"}],"wp:term":[{"taxonomy":"category","embeddable":true,"href":"https:\/\/ispeculate.net\/writings\/wp-json\/wp\/v2\/categories?post=5914"},{"taxonomy":"post_tag","embeddable":true,"href":"https:\/\/ispeculate.net\/writings\/wp-json\/wp\/v2\/tags?post=5914"}],"curies":[{"name":"wp","href":"https:\/\/api.w.org\/{rel}","templated":true}]}}