{"id":5691,"date":"2014-01-31T23:34:08","date_gmt":"2014-02-01T03:34:08","guid":{"rendered":"http:\/\/igrundun.wordpress.com\/?p=5691"},"modified":"2019-02-18T23:20:51","modified_gmt":"2019-02-18T23:20:51","slug":"utanumhald-um-namskeid-og-skirteini","status":"publish","type":"post","link":"https:\/\/ispeculate.net\/writings\/2014\/01\/31\/utanumhald-um-namskeid-og-skirteini\/","title":{"rendered":"Utanumhald um n\u00e1mskei\u00f0 og sk\u00edrteini"},"content":{"rendered":"<p>\u00c9g hef aldrei veri\u00f0 s\u00e9rstaklega g\u00f3\u00f0ur \u00ed a\u00f0 halda utan um n\u00e1mskei\u00f0 sem \u00e9g hef teki\u00f0, aldrei sett upp lista yfir \u00e1unnin r\u00e9ttindi (og sum reyndar \u00fatrunnin) sem \u00e9g hef \u00f6\u00f0last.<!--more--><\/p>\n<p>\u00deannig var \u00e9g \u00ed dag a\u00f0 leita a\u00f0 uppl\u00fdsingum um n\u00e1mskei\u00f0 sem \u00e9g t\u00f3k fyrir m\u00f6rgum \u00e1rum sem fjalla\u00f0i um hvernig hj\u00e1lpa m\u00e1 einstaklingum og fj\u00f6lskyldum vi\u00f0 \u00fatfyllingu skattask\u00fdrslna \u00ed BNA og vi\u00f0 a\u00f0 s\u00e6kja um f\u00e9lagslega a\u00f0sto\u00f0. En \u00ed kj\u00f6lfar n\u00e1mskei\u00f0sins var \u00e9g vi\u00f0 <em>r\u00e1\u00f0gj\u00f6f <\/em>eitt vor hj\u00e1<em> The Benefit Bank \u00ed Ohio<\/em>.&nbsp;\u00c9g fann ekki g\u00f6gnin en komst a\u00f0 \u00fev\u00ed a\u00f0 ef r\u00e1\u00f0gjafar nota ekki \u00fej\u00f3nustukerfi The Benefit Bank \u00ed meira en eitt \u00e1r, \u00fe\u00e1 missa \u00feeir r\u00e9ttindi s\u00edn.<\/p>\n<p>Me\u00f0an \u00e9g var a\u00f0 leita, rak \u00e9g augun \u00ed sk\u00edrteini me\u00f0 mynd fr\u00e1 Lutheran Disaster Response og Lutheran Social Services of Central Ohio um a\u00f0 \u00e9g v\u00e6ri <em>Level 2 &#8211; C.M. &amp; S.C. Volunteer,&nbsp;<\/em>sem \u00fe\u00fd\u00f0ir a\u00f0 \u00e9g hef loki\u00f0 n\u00e1mskei\u00f0um \u00ed <em>Case Management og Spiritual Care \u00e1 hamfarasv\u00e6\u00f0um<\/em>. Reyndar er teki\u00f0 fram a\u00f0 sk\u00edrteini\u00f0 renni \u00fat \u00ed j\u00fan\u00ed 2009, svo l\u00edkast til \u00feyrfti \u00e9g a\u00f0 taka n\u00e1mskei\u00f0in aftur til a\u00f0 halda m\u00e9r vi\u00f0.<\/p>\n<p>Fyrst \u00e9g er byrja\u00f0ur, er kannski r\u00e1\u00f0 a\u00f0 fara yfir helstu n\u00e1mskei\u00f0 h\u00e9r \u00e1 eftir. \u00deannig m\u00e1 nefna n\u00e1mskei\u00f0 um <em>Adaptive Leadership<\/em> hj\u00e1 Abiding Hope Lutheran Church sem \u00e9g t\u00f3k \u00ed upphafi \u00e1rs 2010. \u00c9g hef teki\u00f0 n\u00e1mskei\u00f0 til a\u00f0 kalla mig umsj\u00f3narmann (facilitator)<em> n\u00e1mskei\u00f0a Healthy Congregations Inc<\/em>. \u00c9g hef fari\u00f0 \u00ed gegnum <em>Boundary Training<\/em> n\u00e1mskei\u00f0 me\u00f0 \u00e1herslu \u00e1 kynvitund annars vegar og rasisma hins vegar \u00ed Columbus, Ohio.<\/p>\n<p>\u00c1\u00f0ur en \u00e9g flutti til BNA, sat \u00e9g <em>Training for Trainers<\/em> n\u00e1mskei\u00f0 \u00e1 vettvangi samkirkjum\u00e1la \u00ed \u00e6skul\u00fd\u00f0smi\u00f0st\u00f6\u00f0 Evr\u00f3pur\u00e1\u00f0sins \u00ed Ungverjalandi. \u00c9g t\u00f3k n\u00e1mskei\u00f0 um <em>samspil tr\u00faarbrag\u00f0a<\/em> \u00ed Evr\u00f3pu \u00ed orthodox klaustri \u00ed Grikklandi. \u00de\u00e1 sat \u00e9g n\u00e1mskei\u00f0 um <em>deilurnar \u00e1 Nor\u00f0ur \u00cdrlandi<\/em> \u00ed lj\u00f3si samkirkjuhreyfingarinnar \u00ed nunnuklaustri \u00e1 Nor\u00f0ur \u00cdrlandi.<\/p>\n<p>\u00c9g hef s\u00f3tt um tug <em>n\u00e1mskei\u00f0a fyrir sumarb\u00fa\u00f0astarfsf\u00f3lk<\/em> hj\u00e1 KFUM og KFUK og kennt \u00e1 \u00f6\u00f0rum eins fj\u00f6lda (sem er oft mikill l\u00e6rd\u00f3mur \u00ed sj\u00e1lfur s\u00e9r). \u00c9g hef teki\u00f0 <em>Verndum \u00feau<\/em> n\u00e1mskei\u00f0i\u00f0 \u00e1 \u00cdslandi t\u00e6plega tvisvar. \u00c9g sat l\u00edka fyrir margt l\u00f6ngu (l\u00edklega 1995 e\u00f0a 1996) n\u00e1mskei\u00f0 \u00e1 vegum KFUM og KFUK fr\u00e1 St\u00edgam\u00f3tum e\u00f0a Kvennaathvarfinu um kynfer\u00f0isofbeldi gegn b\u00f6rnum, sem var \u00ed fyrsta skipti sem \u00e9g heyr\u00f0i fjalla\u00f0 um \u00feau m\u00e1l.<\/p>\n<p>\u00c9g hef teki\u00f0 n\u00e1mskei\u00f0 um kristilegt sk\u00f3la- og st\u00fadentastarf, m.a. r\u00famlega vikun\u00e1mskei\u00f0 \u00ed Gj\u00f6vik fyrir <em>stj\u00f3rnarf\u00f3lk \u00ed kristilegu sk\u00f3lastarfi<\/em> og eins var \u00e9g \u00e1 Hald \u00ed Mandal \u00ed nokkrar vikur 1993 sem hluti af ettaring h\u00f3pi norsku sk\u00f3lahreyfingarinnar. \u00de\u00e1 m\u00e1 &nbsp;nefna a\u00f0 \u00e9g f\u00f3r \u00e1 n\u00e1mskei\u00f0 \u00ed Ungverjalandi \u00e1 vegum <em>IFES <\/em>fyrir n\u00e6rri 20 \u00e1rum. \u00c9g hef einu sinni s\u00f3tt GLS (Global Leadership Summit) og seti\u00f0 \u00fdmis n\u00e1mskei\u00f0 fyrir \u00e6skul\u00fd\u00f0sfulltr\u00faa sem of fl\u00f3ki\u00f0 er a\u00f0 telja upp. \u00de\u00f3 man \u00e9g eftir einu mj\u00f6g g\u00f3\u00f0u n\u00e1mskei\u00f0i \u00ed Neskirkju \u00fear sem Vigf\u00fas Bjarni Albertsson kenndi.<\/p>\n<p>\u00c9g hef seti\u00f0 \u00fdmis n\u00e1mskei\u00f0 \u00c6SKR \u00ed gegnum t\u00ed\u00f0ina. Lei\u00f0togauppbygging \u00e1 vegum <em>Skref fyrir Skref<\/em> er minnist\u00e6tt jan\u00faarn\u00e1mskei\u00f0, l\u00edklega 1998 og eins var n\u00e1mskei\u00f0 \u00e1 vegum fyrirt\u00e6kisins <em>\u00c1skorunar<\/em>, spennandi og vanda\u00f0 \u00ed jan\u00faar 2000. Reyndar kemur fram \u00e1 heimas\u00ed\u00f0u \u00c1skorunar a\u00f0 \u00fea\u00f0 hafi ekki veri\u00f0 stofna\u00f0 formlega fyrr en sumari\u00f0 2000. En n\u00e1mskei\u00f0i\u00f0 var samt sem \u00e1\u00f0ur \u00ed jan\u00faar 2000 \u00ed Sk\u00e1lholti.<\/p>\n<p>\u00de\u00e1 m\u00e1 a\u00f0 lokum geta \u00feess a\u00f0 \u00e9g hef teki\u00f0 n\u00e1mskei\u00f0 \u00ed <em>notkun b\u00f3khaldskerfa, TOKplus og TOKlaun<\/em>, sem \u00e9g veit ekki hvort s\u00e9u enn\u00fe\u00e1 til. \u00c9g hef seti\u00f0 fj\u00f6lm\u00f6rg styttri <em>skyndihj\u00e1lpar- og eldvarnarn\u00e1mskei\u00f0<\/em>. Loks er vert a\u00f0 nefna a\u00f0 \u00e9g s\u00e6ki um \u00feessar mundir <em>fr\u00e6\u00f0slukv\u00f6ld fyrir knattspyrnu\u00fej\u00e1lfara<\/em> \u00ed yngri flokkum \u00e1 vegum Shaker Heights Youth Soccer.<\/p>\n<p>\u00deetta er sj\u00e1lfsagt ekki t\u00e6mandi listi, en \u00fea\u00f0 er samt \u00e1g\u00e6tis byrjun \u00ed vi\u00f0leitni minni vi\u00f0 a\u00f0 safna \u00feessu saman \u00e1 einum sta\u00f0.<\/p>\n<p><a href=\"https:\/\/ispeculate.wpmudev.host\/writings\/wp-content\/uploads\/sites\/6\/2014\/01\/fcbumbi.jpg\"><img loading=\"lazy\" decoding=\"async\" class=\"aligncenter size-large wp-image-5695\" alt=\"FcBumbi\" src=\"https:\/\/ispeculate.wpmudev.host\/writings\/wp-content\/uploads\/sites\/6\/2014\/01\/fcbumbi.jpg?w=646\" width=\"646\" height=\"473\"><\/a><\/p>\n<p><em>Vi\u00f0b\u00f3t<\/em>: Eftir a\u00f0 hafa birt f\u00e6rsluna, rak \u00e9g augu \u00ed m\u00f6ppu \u00ed b\u00f3kahillunni \u00ed skrifstofuherbergi fj\u00f6lskyldunnar, sem haf\u00f0i a\u00f0 geyma <em>Honorary Membership Certificate<\/em>&nbsp;fr\u00e1 1. jan\u00faar 2010, \u00fear sem fram kemur a\u00f0 \u00e9g s\u00e9 <em>FC Bumbi Honorary Squad Member. <\/em>\u00dea\u00f0 er ekki l\u00edti\u00f0.<\/p>\n","protected":false},"excerpt":{"rendered":"<p>\u00c9g hef aldrei veri\u00f0 s\u00e9rstaklega g\u00f3\u00f0ur \u00ed a\u00f0 halda utan um n\u00e1mskei\u00f0 sem \u00e9g hef teki\u00f0, aldrei sett upp lista yfir \u00e1unnin r\u00e9ttindi (og sum reyndar \u00fatrunnin) sem \u00e9g hef \u00f6\u00f0last.<\/p>\n","protected":false},"author":1,"featured_media":6368,"comment_status":"open","ping_status":"open","sticky":false,"template":"","format":"standard","meta":{"wds_primary_category":0,"footnotes":""},"categories":[2],"tags":[108,158,168],"class_list":["post-5691","post","type-post","status-publish","format-standard","has-post-thumbnail","hentry","category-islenska","tag-my-studies","tag-unity","tag-youthwork"],"_links":{"self":[{"href":"https:\/\/ispeculate.net\/writings\/wp-json\/wp\/v2\/posts\/5691","targetHints":{"allow":["GET"]}}],"collection":[{"href":"https:\/\/ispeculate.net\/writings\/wp-json\/wp\/v2\/posts"}],"about":[{"href":"https:\/\/ispeculate.net\/writings\/wp-json\/wp\/v2\/types\/post"}],"author":[{"embeddable":true,"href":"https:\/\/ispeculate.net\/writings\/wp-json\/wp\/v2\/users\/1"}],"replies":[{"embeddable":true,"href":"https:\/\/ispeculate.net\/writings\/wp-json\/wp\/v2\/comments?post=5691"}],"version-history":[{"count":0,"href":"https:\/\/ispeculate.net\/writings\/wp-json\/wp\/v2\/posts\/5691\/revisions"}],"wp:featuredmedia":[{"embeddable":true,"href":"https:\/\/ispeculate.net\/writings\/wp-json\/wp\/v2\/media\/6368"}],"wp:attachment":[{"href":"https:\/\/ispeculate.net\/writings\/wp-json\/wp\/v2\/media?parent=5691"}],"wp:term":[{"taxonomy":"category","embeddable":true,"href":"https:\/\/ispeculate.net\/writings\/wp-json\/wp\/v2\/categories?post=5691"},{"taxonomy":"post_tag","embeddable":true,"href":"https:\/\/ispeculate.net\/writings\/wp-json\/wp\/v2\/tags?post=5691"}],"curies":[{"name":"wp","href":"https:\/\/api.w.org\/{rel}","templated":true}]}}