{"id":5579,"date":"2013-12-30T12:15:39","date_gmt":"2013-12-30T16:15:39","guid":{"rendered":"http:\/\/igrundun.wordpress.com\/?p=5579"},"modified":"2013-12-30T12:15:39","modified_gmt":"2013-12-30T16:15:39","slug":"jesaja-63-kafli","status":"publish","type":"post","link":"https:\/\/ispeculate.net\/writings\/2013\/12\/30\/jesaja-63-kafli\/","title":{"rendered":"Jesaja 63. kafli"},"content":{"rendered":"<p>Lesturinn hefst \u00e1 \u00fev\u00ed sem oftast er tali\u00f0 samtal sp\u00e1mannsins og Gu\u00f0s, \u00fear sem sp\u00e1ma\u00f0urinn varpar fram spurningum og Gu\u00f0 svarar. Hins vegar m\u00e1 eins vera a\u00f0 \u00e9g samtalsins s\u00e9 \u00cdsraels\u00fej\u00f3\u00f0in sem hefur hj\u00e1lpr\u00e6\u00f0i\u00f0 og hefur m\u00e1tt \u00feola m\u00f3tl\u00e6ti og \u00feurft a\u00f0 standa hj\u00e1lparlaus.\u00a0<!--more--><\/p>\n<p>Ef vi\u00f0 skiljum fyrstu pers\u00f3nu samtalsins sem \u00cdsraels\u00fej\u00f3\u00f0ina en ekki Gu\u00f0, \u00fe\u00e1 ver\u00f0ur framhaldi\u00f0 \u00ed textanum enda skiljanlegra.<\/p>\n<blockquote><p>\u00c9g vil minnast velgj\u00f6r\u00f0a Drottins,<br \/>\nsyngja Drottni lof fyrir allt<br \/>\nsem hann ger\u00f0i fyrir oss,<\/p><\/blockquote>\n<p>Textinn varpar lj\u00f3si \u00e1 s\u00f6gu \u00fej\u00f3\u00f0arinnar, hvernig \u00fea\u00f0 er Gu\u00f0 sj\u00e1lfur sem greip \u00edtreka\u00f0 inn \u00ed atbur\u00f0arr\u00e1sina og leiddi \u00fej\u00f3\u00f0 s\u00edna \u00e1fram. Lok kaflans dregur saman n\u00faverandi \u00e1stand.<\/p>\n<blockquote><p>Hvers vegna l\u00e9stu oss villast<br \/>\naf vegi \u00fe\u00ednum Drottinn,<br \/>\nog hertir hjarta vort<br \/>\nsvo a\u00f0 v\u00e9r \u00f3ttu\u00f0umst \u00feig ekki?<br \/>\nSn\u00fa\u00f0u aftur vegna \u00fej\u00f3na \u00feinna,<br \/>\nvegna \u00e6ttb\u00e1lkanna sem eru arfleif\u00f0 \u00fe\u00edn.<br \/>\nHvers vegna g\u00e1tu gu\u00f0leysingjar gengi\u00f0 inn \u00ed helgid\u00f3m \u00feinn,<br \/>\nfjandmenn vorir f\u00f3tum tro\u00f0i\u00f0 helgista\u00f0 \u00feinn?<br \/>\nV\u00e9r erum or\u00f0nir eins og \u00feeir<br \/>\nsem \u00fe\u00fa hefur aldrei r\u00edkt yfir<br \/>\nog aldrei voru kenndir vi\u00f0 nafn \u00feitt.<\/p><\/blockquote>\n<p>Allt er Gu\u00f0s, ekkert gerist nema fyrir Gu\u00f0 er eitt af gu\u00f0fr\u00e6\u00f0istefjum Gamla Testamentisins. \u00deannig leitast \u00cdsraels\u00fej\u00f3\u00f0in vi\u00f0 a\u00f0 gera Gu\u00f0 \u00e1byrgan fyrir eigin misgj\u00f6r\u00f0um, l\u00edkt og <a title=\"1. M\u00f3seb\u00f3k 3.\u00a0kafli\" href=\"http:\/\/igrundun.wordpress.com\/2011\/03\/26\/1-mosebok-3-kafli\/\">Adam benti \u00e1 Evu og Eva \u00e1 h\u00f6ggorminn<\/a>.<\/p>\n","protected":false},"excerpt":{"rendered":"<p>Lesturinn hefst \u00e1 \u00fev\u00ed sem oftast er tali\u00f0 samtal sp\u00e1mannsins og Gu\u00f0s, \u00fear sem sp\u00e1ma\u00f0urinn varpar fram spurningum og Gu\u00f0 svarar. Hins vegar m\u00e1 eins vera a\u00f0 \u00e9g samtalsins s\u00e9 \u00cdsraels\u00fej\u00f3\u00f0in sem hefur hj\u00e1lpr\u00e6\u00f0i\u00f0 og hefur m\u00e1tt \u00feola m\u00f3tl\u00e6ti og \u00feurft a\u00f0 standa hj\u00e1lparlaus.\u00a0<\/p>\n","protected":false},"author":1,"featured_media":0,"comment_status":"open","ping_status":"open","sticky":false,"template":"","format":"standard","meta":{"wds_primary_category":0,"footnotes":""},"categories":[4],"tags":[16,89,105,126,129],"class_list":["post-5579","post","type-post","status-publish","format-standard","hentry","category-lestur","tag-blaming","tag-injustice","tag-mission","tag-relationship","tag-responsibility"],"_links":{"self":[{"href":"https:\/\/ispeculate.net\/writings\/wp-json\/wp\/v2\/posts\/5579","targetHints":{"allow":["GET"]}}],"collection":[{"href":"https:\/\/ispeculate.net\/writings\/wp-json\/wp\/v2\/posts"}],"about":[{"href":"https:\/\/ispeculate.net\/writings\/wp-json\/wp\/v2\/types\/post"}],"author":[{"embeddable":true,"href":"https:\/\/ispeculate.net\/writings\/wp-json\/wp\/v2\/users\/1"}],"replies":[{"embeddable":true,"href":"https:\/\/ispeculate.net\/writings\/wp-json\/wp\/v2\/comments?post=5579"}],"version-history":[{"count":0,"href":"https:\/\/ispeculate.net\/writings\/wp-json\/wp\/v2\/posts\/5579\/revisions"}],"wp:attachment":[{"href":"https:\/\/ispeculate.net\/writings\/wp-json\/wp\/v2\/media?parent=5579"}],"wp:term":[{"taxonomy":"category","embeddable":true,"href":"https:\/\/ispeculate.net\/writings\/wp-json\/wp\/v2\/categories?post=5579"},{"taxonomy":"post_tag","embeddable":true,"href":"https:\/\/ispeculate.net\/writings\/wp-json\/wp\/v2\/tags?post=5579"}],"curies":[{"name":"wp","href":"https:\/\/api.w.org\/{rel}","templated":true}]}}