{"id":5527,"date":"2013-12-10T13:48:01","date_gmt":"2013-12-10T17:48:01","guid":{"rendered":"http:\/\/igrundun.wordpress.com\/?p=5527"},"modified":"2013-12-10T13:48:01","modified_gmt":"2013-12-10T17:48:01","slug":"illmennska-og-ogedisheit","status":"publish","type":"post","link":"https:\/\/ispeculate.net\/writings\/2013\/12\/10\/illmennska-og-ogedisheit\/","title":{"rendered":"Illmennska og \u00f3ge\u00f0isheit"},"content":{"rendered":"<p>Eitt af einkennum kerfisbundins misr\u00e9ttis er \u00f3s\u00fdnileikinn. \u00deegar reynt er a\u00f0 benda \u00e1 tilvist kerfisbundins misr\u00e9ttis e\u00f0a ef \u00fat \u00ed \u00fea\u00f0 er fari\u00f0 kerfisl\u00e6grar kyn\u00fe\u00e1ttahyggju, er vi\u00f0horf forr\u00e9ttindaf\u00f3lks oft \u00e1 \u00fe\u00e1 lei\u00f0 a\u00f0 \u00fea\u00f0 pers\u00f3nulega s\u00e9u g\u00f3\u00f0ar manneskjur. Vi\u00f0 sj\u00e1um \u00feetta \u00ed umr\u00e6\u00f0um um feminisma, rasisma, f\u00e1t\u00e6kt og \u00ed tr\u00faarlegri umr\u00e6\u00f0u. Og h\u00e9r er mikilv\u00e6gt a\u00f0 taka fram a\u00f0 \u00e9g er \u00ed r\u00edkjandi st\u00f6\u00f0u \u00feegar kemur a\u00f0 umr\u00e6\u00f0unni um \u00f6ll \u00feessi m\u00e1l. \u00c9g er giftur karl, hv\u00edtur, vel st\u00e6\u00f0ur og kristinn og \u00e9g er ekki vondur.<!--more--><\/p>\n<p>\u00dea\u00f0 breytir \u00fev\u00ed samt ekki a\u00f0 v\u00f6ru\u00farvali\u00f0 og gr\u00e6nmeti\u00f0 er betra \u00ed \u201ehv\u00edtu\u201c Giant Eagle versluninni \u00ed Beachwood, en \u00ed \u201esv\u00f6rtu\u201c Giant Eagle inn \u00ed Cleveland, sem \u00e9g villtist \u00ed \u00ed g\u00e6r. \u00dea\u00f0 breytir \u00fev\u00ed ekki a\u00f0 gifti karlinn me\u00f0 fallegu b\u00f6rnin og gl\u00e6silegu konuna mala\u00f0i s\u00ed\u00f0ustu prestkosningar \u00e1 \u00cdslandi og konurnar \u00e1ttu ekki s\u00e9ns, \u00fer\u00e1tt fyrir mikla reynslu \u00ed starfi. \u00dea\u00f0 breytir \u00fev\u00ed ekki a\u00f0 l\u00f6greglan skilur ekki af hverju \u00fea\u00f0 a\u00f0 dreifa sv\u00ednshausum, r\u00edfa helgirit og m\u00e1la krossa \u00e1 l\u00f3\u00f0 \u00f3bygg\u00f0rar mosku er hatursgl\u00e6pur. \u00dea\u00f0 breytir \u00fev\u00ed ekki a\u00f0 \u00e9g mun aldrei \u00feurfa a\u00f0 ganga um \u00ed stuttermabol me\u00f0 skilabo\u00f0um sem m\u00e9r l\u00edkar ekki, \u00fev\u00ed \u00fea\u00f0 var eina fl\u00edkin sem passa\u00f0i hj\u00e1 Hj\u00e1lpr\u00e6\u00f0ishernum.<\/p>\n<p>Allt er \u00feetta samt fremur mj\u00fakar aflei\u00f0ingar kerfisbundna misr\u00e9ttisins og sj\u00e1lfsagt einfalt a\u00f0 burtsk\u00fdra \u00feetta allt og \u00e9g geri \u00fea\u00f0 sj\u00e1lfur. \u00c9g nefnilega veit a\u00f0 ungi gifti karlinn var langh\u00e6fastur, \u00e9g hef\u00f0i kosi\u00f0 hann sj\u00e1lfur. Veitti honum meira a\u00f0 segja a\u00f0sto\u00f0 \u00ed kosningabar\u00e1ttunni. \u00c9g veit a\u00f0 f\u00edna gr\u00e6nmeti\u00f0 selst ekki jafnvel inn \u00ed Cleveland og \u00ed Beachwood. \u00c9g veit a\u00f0 l\u00f6greglunni var sagt a\u00f0 sv\u00ednshausarnir og krossinn hef\u00f0i veri\u00f0 f\u00edflaskapur. Vi\u00f0 sem erum eins og \u00e9g, burtsk\u00fdrum nefnilega kerfisl\u00e6ga kynjamisr\u00e9tti\u00f0, rasismann, f\u00e1t\u00e6ktina og tr\u00faarlegu forr\u00e9ttindin vegna \u00feess a\u00f0 annars \u00feyrftum vi\u00f0 a\u00f0 f\u00e1st vi\u00f0 sektarkenndina og horfast \u00ed augu vi\u00f0 okkar eigin forr\u00e9ttindast\u00f6\u00f0u.<\/p>\n<p>Stundum gerist \u00fea\u00f0 samt a\u00f0 kerfisl\u00e6ga \u00f3r\u00e9ttl\u00e6ti\u00f0 og \u00f3ge\u00f0i\u00f0 br\u00fdst \u00fat, s\u00fdnir sitt r\u00e9tta andlit og vi\u00f0 lendum \u00ed vandr\u00e6\u00f0um. Oft bj\u00f6rgum vi\u00f0 okkur fyrir horn og bendum \u00e1 a\u00f0 rasistarnir sem birtust \u00ed einhverjum m\u00f3tm\u00e6lum me\u00f0 nasistaf\u00e1na s\u00e9u n\u00fa fr\u00e1vik og sj\u00e1lf minnipokamanneskjur e\u00f0a a\u00f0 Gillzeneger s\u00e9 bara misheppna\u00f0ur gr\u00ednisti og tilheyri k\u00faltur sem gagnr\u00fdnendur skilji ekki.<\/p>\n<p>Myndin sem birtist \u00e1 s\u00ed\u00f0u 8 \u00ed Morgunbla\u00f0inu \u00ed dag, 10. desember, ver\u00f0ur hins vegar ekki burtsk\u00fdr\u00f0. Rasisminn, ford\u00f3marnir, sj\u00e1lfhverfan, sk\u00edth\u00e6lisminn og \u00f3ge\u00f0i\u00f0 sem s\u00fa mynd birtir ver\u00f0ur einfaldlega ekki afsaka\u00f0 e\u00f0a burtsk\u00fdrt me\u00f0 neinu m\u00f3ti. \u00c9g var starfsma\u00f0ur Morgunbla\u00f0sins, bla\u00f0beri \u00ed m\u00f6rg \u00e1r. \u00c9g br\u00e1st ekki s\u00e9rstaklega vi\u00f0 \u00feegar Dav\u00ed\u00f0 Oddsson var r\u00e1\u00f0inn ritstj\u00f3ri. \u00c9g skil a\u00f0 bla\u00f0i\u00f0 hefur teki\u00f0 afst\u00f6\u00f0u me\u00f0 L\u00cd\u00da, og get s\u00e6tt mig vi\u00f0 \u00fea\u00f0 \u00fe\u00f3 \u00e9g s\u00e9 \u00f3samm\u00e1la og telji \u00fea\u00f0 ska\u00f0legt. \u00c9g undrast stundum \u00fea\u00f0 a\u00f0senda efni sem er birt, en myndin \u00e1 s\u00ed\u00f0u 8 fer yfir striki\u00f0. H\u00fan er \u00f3ge\u00f0sleg, h\u00fan birtir kerfisbundna rasismann og illmennskuna sem er undirliggjandi \u00ed \u00edslensku samf\u00e9lagi og gefur \u00feeim v\u00e6gi.<\/p>\n<p>\u00cd dag g\u00e1fu Dav\u00ed\u00f0 Oddsson og \u00d3skar Magn\u00fasson \u00fat yfirl\u00fdsingu um a\u00f0 rasismi s\u00e9 sj\u00e1lfsag\u00f0ur \u00ed opinberi umr\u00e6\u00f0u. Um lei\u00f0 r\u00e9\u00f0ust \u00feau \u00e1 starf \u00edslenskra hj\u00e1lparsamtaka \u00e1 erlendri grund. \u00c9g er ekki rei\u00f0ur, \u00e9g er s\u00e1r, \u00fev\u00ed \u00e9g h\u00e9lt a\u00f0 bla\u00f0i\u00f0 mitt, Morgunbla\u00f0i\u00f0, hef\u00f0i enn snefil af sj\u00e1lfsvir\u00f0ingu, en NEI.<\/p>\n<p><em>(F\u00e6rslunni hefur veri\u00f0 breytt og \u00e9g bi\u00f0 Gu\u00f0bj\u00f6rgu Matth\u00edasd\u00f3ttur afs\u00f6kunar \u00e1 a\u00f0 hafa sett nafn hennar \u00ed \u00feessa grein \u00ed upphafi. \u00c9g h\u00e9lt a\u00f0 h\u00fan v\u00e6ri meirihlutaeigandi Morgunbla\u00f0sins sem h\u00fan er ekki.)<\/em><\/p>\n","protected":false},"excerpt":{"rendered":"<p>Eitt af einkennum kerfisbundins misr\u00e9ttis er \u00f3s\u00fdnileikinn. \u00deegar reynt er a\u00f0 benda \u00e1 tilvist kerfisbundins misr\u00e9ttis e\u00f0a ef \u00fat \u00ed \u00fea\u00f0 er fari\u00f0 kerfisl\u00e6grar kyn\u00fe\u00e1ttahyggju, er vi\u00f0horf forr\u00e9ttindaf\u00f3lks oft \u00e1 \u00fe\u00e1 lei\u00f0 a\u00f0 \u00fea\u00f0 pers\u00f3nulega s\u00e9u g\u00f3\u00f0ar manneskjur. Vi\u00f0 sj\u00e1um \u00feetta \u00ed umr\u00e6\u00f0um um feminisma, rasisma, f\u00e1t\u00e6kt og \u00ed tr\u00faarlegri umr\u00e6\u00f0u. Og h\u00e9r er mikilv\u00e6gt &hellip; <a href=\"https:\/\/ispeculate.net\/writings\/2013\/12\/10\/illmennska-og-ogedisheit\/\" class=\"more-link\">Continue reading <span class=\"screen-reader-text\">Illmennska og \u00f3ge\u00f0isheit<\/span><\/a><\/p>\n","protected":false},"author":1,"featured_media":0,"comment_status":"open","ping_status":"open","sticky":false,"template":"","format":"standard","meta":{"wds_primary_category":0,"footnotes":""},"categories":[2],"tags":[39,85,89,124],"class_list":["post-5527","post","type-post","status-publish","format-standard","hentry","category-islenska","tag-crap","tag-hruni","tag-injustice","tag-racism"],"_links":{"self":[{"href":"https:\/\/ispeculate.net\/writings\/wp-json\/wp\/v2\/posts\/5527","targetHints":{"allow":["GET"]}}],"collection":[{"href":"https:\/\/ispeculate.net\/writings\/wp-json\/wp\/v2\/posts"}],"about":[{"href":"https:\/\/ispeculate.net\/writings\/wp-json\/wp\/v2\/types\/post"}],"author":[{"embeddable":true,"href":"https:\/\/ispeculate.net\/writings\/wp-json\/wp\/v2\/users\/1"}],"replies":[{"embeddable":true,"href":"https:\/\/ispeculate.net\/writings\/wp-json\/wp\/v2\/comments?post=5527"}],"version-history":[{"count":0,"href":"https:\/\/ispeculate.net\/writings\/wp-json\/wp\/v2\/posts\/5527\/revisions"}],"wp:attachment":[{"href":"https:\/\/ispeculate.net\/writings\/wp-json\/wp\/v2\/media?parent=5527"}],"wp:term":[{"taxonomy":"category","embeddable":true,"href":"https:\/\/ispeculate.net\/writings\/wp-json\/wp\/v2\/categories?post=5527"},{"taxonomy":"post_tag","embeddable":true,"href":"https:\/\/ispeculate.net\/writings\/wp-json\/wp\/v2\/tags?post=5527"}],"curies":[{"name":"wp","href":"https:\/\/api.w.org\/{rel}","templated":true}]}}