{"id":5523,"date":"2013-12-09T15:16:13","date_gmt":"2013-12-09T19:16:13","guid":{"rendered":"http:\/\/igrundun.wordpress.com\/?p=5523"},"modified":"2013-12-09T15:16:13","modified_gmt":"2013-12-09T19:16:13","slug":"ojofnudur-skapar-verri-samfelog-smapostur-um-politik","status":"publish","type":"post","link":"https:\/\/ispeculate.net\/writings\/2013\/12\/09\/ojofnudur-skapar-verri-samfelog-smapostur-um-politik\/","title":{"rendered":"\u00d3j\u00f6fnu\u00f0ur skapar verri samf\u00e9l\u00f6g (sm\u00e1p\u00f3stur um p\u00f3l\u00edt\u00edk)"},"content":{"rendered":"<p><a href=\"http:\/\/news.msn.com\/rumors\/rumor-having-lots-of-money-makes-people-evil\">Ranns\u00f3kn Paul Piff vi\u00f0 UC Berkeley<\/a>, bendir til \u00feess a\u00f0 r\u00edkt f\u00f3lk komi verr fram og s\u00fdni \u00e1byrg\u00f0arlausari heg\u00f0un gagnvart n\u00e1unga s\u00ednum en \u00feeir sem hafa minna \u00e1 milli handanna. Hvort a\u00f0 sj\u00e1lfhverfan fylgi r\u00edkid\u00e6minu e\u00f0a r\u00edkid\u00e6mi\u00f0 byggi \u00e1 sj\u00e1lfhverfu er kannski ekki alveg lj\u00f3st.<!--more--><\/p>\n<p>Kannski er sk\u00fdrasta birtingarmynd \u00feess a\u00f0 \u00cdsland, sem er eitt r\u00edkasta samf\u00e9lag heims, hyggst draga \u00far stu\u00f0ningi vi\u00f0 \u00fer\u00f3unarr\u00edki \u00ed n\u00e6stu fj\u00e1rl\u00f6gum. R\u00f6ksemdaf\u00e6rslurnar eru margskonar en s\u00fa allra allra \u00f6murlegasta birtist \u00ed spurningu Bylgjunnar \u00ed dag (9. desember 2013).<\/p>\n<blockquote><p>Hversu fylgjandi e\u00f0a m\u00f3tfallin(n) ertu \u00fev\u00ed a\u00f0 skera ni\u00f0ur framl\u00f6g til erlendrar \u00fer\u00f3unara\u00f0sto\u00f0ar til a\u00f0 b\u00e6ta \u00edslenska heilbrig\u00f0iskerfi\u00f0?<\/p><\/blockquote>\n<p>\u00c9g b\u00e6ti ef til vill s\u00ed\u00f0ar vi\u00f0 p\u00f3sti \u00fe\u00e1 ranghugmynd a\u00f0 kaka r\u00edkisins s\u00e9 af fastri st\u00e6r\u00f0.<\/p>\n","protected":false},"excerpt":{"rendered":"<p>Ranns\u00f3kn Paul Piff vi\u00f0 UC Berkeley, bendir til \u00feess a\u00f0 r\u00edkt f\u00f3lk komi verr fram og s\u00fdni \u00e1byrg\u00f0arlausari heg\u00f0un gagnvart n\u00e1unga s\u00ednum en \u00feeir sem hafa minna \u00e1 milli handanna. Hvort a\u00f0 sj\u00e1lfhverfan fylgi r\u00edkid\u00e6minu e\u00f0a r\u00edkid\u00e6mi\u00f0 byggi \u00e1 sj\u00e1lfhverfu er kannski ekki alveg lj\u00f3st.<\/p>\n","protected":false},"author":1,"featured_media":0,"comment_status":"open","ping_status":"open","sticky":false,"template":"","format":"standard","meta":{"wds_primary_category":0,"footnotes":""},"categories":[2],"tags":[59,85,87,89,118,127],"class_list":["post-5523","post","type-post","status-publish","format-standard","hentry","category-islenska","tag-evil","tag-hruni","tag-iceland","tag-injustice","tag-politics","tag-religion"],"_links":{"self":[{"href":"https:\/\/ispeculate.net\/writings\/wp-json\/wp\/v2\/posts\/5523","targetHints":{"allow":["GET"]}}],"collection":[{"href":"https:\/\/ispeculate.net\/writings\/wp-json\/wp\/v2\/posts"}],"about":[{"href":"https:\/\/ispeculate.net\/writings\/wp-json\/wp\/v2\/types\/post"}],"author":[{"embeddable":true,"href":"https:\/\/ispeculate.net\/writings\/wp-json\/wp\/v2\/users\/1"}],"replies":[{"embeddable":true,"href":"https:\/\/ispeculate.net\/writings\/wp-json\/wp\/v2\/comments?post=5523"}],"version-history":[{"count":0,"href":"https:\/\/ispeculate.net\/writings\/wp-json\/wp\/v2\/posts\/5523\/revisions"}],"wp:attachment":[{"href":"https:\/\/ispeculate.net\/writings\/wp-json\/wp\/v2\/media?parent=5523"}],"wp:term":[{"taxonomy":"category","embeddable":true,"href":"https:\/\/ispeculate.net\/writings\/wp-json\/wp\/v2\/categories?post=5523"},{"taxonomy":"post_tag","embeddable":true,"href":"https:\/\/ispeculate.net\/writings\/wp-json\/wp\/v2\/tags?post=5523"}],"curies":[{"name":"wp","href":"https:\/\/api.w.org\/{rel}","templated":true}]}}