{"id":5501,"date":"2013-12-06T11:19:33","date_gmt":"2013-12-06T15:19:33","guid":{"rendered":"http:\/\/igrundun.wordpress.com\/?p=5501"},"modified":"2013-12-06T11:19:33","modified_gmt":"2013-12-06T15:19:33","slug":"jesaja-42-kafli","status":"publish","type":"post","link":"https:\/\/ispeculate.net\/writings\/2013\/12\/06\/jesaja-42-kafli\/","title":{"rendered":"Jesaja 42. kafli"},"content":{"rendered":"<p>Takturinn hj\u00e1 deutoro Jesaja er annar en hj\u00e1 proto Jesaja. \u00cd sta\u00f0 umfj\u00f6llunar um yfirvofandi \u00e1r\u00e1s, uppgang og ni\u00f0url\u00e6gingu st\u00f3r\u00fej\u00f3\u00f0a og annarra sm\u00e6rri, \u00fe\u00e1 horfir Deutoro Jesaja til vonarinnar. \u00der\u00e1tt fyrir n\u00faverandi \u00e1stand, \u00fe\u00e1 \u00e1 \u00cdsraels\u00fej\u00f3\u00f0in framt\u00ed\u00f0.<!--more--><\/p>\n<blockquote><p>\u00c9g, Drottinn, kalla\u00f0i \u00feig \u00ed r\u00e9ttl\u00e6ti<br \/>\nog held \u00ed h\u00f6nd \u00fe\u00edna.<br \/>\n\u00c9g m\u00f3ta \u00feig,<br \/>\ngeri \u00feig a\u00f0 s\u00e1ttm\u00e1la fyrir \u00fej\u00f3\u00f0irnar<br \/>\nog a\u00f0 lj\u00f3si fyrir l\u00fd\u00f0ina<br \/>\ntil a\u00f0 opna hin blindu augu,<br \/>\nlei\u00f0a fanga \u00far var\u00f0haldi<br \/>\nog \u00far d\u00fdflissu \u00fe\u00e1 sem \u00ed myrkri sitja.<br \/>\n\u00c9g er Drottinn, \u00fea\u00f0 er nafn mitt,<br \/>\nog d\u00fdr\u00f0 m\u00edna gef \u00e9g ekki \u00f6\u00f0rum<br \/>\nn\u00e9 lof mitt \u00fath\u00f6ggnum l\u00edkneskjum.<\/p><\/blockquote>\n<p>Textarnir eru textar fyrirheitanna, \u00fer\u00e1tt fyrir \u00fatleg\u00f0, fj\u00f6tra og fangelsi \u00fe\u00e1 hefur Gu\u00f0 \u00e1\u00e6tlun fyrir \u00fej\u00f3\u00f0ina, \u00feetta ver\u00f0ur ekki alltaf svona.<\/p>\n","protected":false},"excerpt":{"rendered":"<p>Takturinn hj\u00e1 deutoro Jesaja er annar en hj\u00e1 proto Jesaja. \u00cd sta\u00f0 umfj\u00f6llunar um yfirvofandi \u00e1r\u00e1s, uppgang og ni\u00f0url\u00e6gingu st\u00f3r\u00fej\u00f3\u00f0a og annarra sm\u00e6rri, \u00fe\u00e1 horfir Deutoro Jesaja til vonarinnar. \u00der\u00e1tt fyrir n\u00faverandi \u00e1stand, \u00fe\u00e1 \u00e1 \u00cdsraels\u00fej\u00f3\u00f0in framt\u00ed\u00f0.<\/p>\n","protected":false},"author":1,"featured_media":0,"comment_status":"open","ping_status":"open","sticky":false,"template":"","format":"standard","meta":{"wds_primary_category":0,"footnotes":""},"categories":[4],"tags":[67,70,83,130],"class_list":["post-5501","post","type-post","status-publish","format-standard","hentry","category-lestur","tag-future","tag-gods-plan","tag-hope","tag-resurrection"],"_links":{"self":[{"href":"https:\/\/ispeculate.net\/writings\/wp-json\/wp\/v2\/posts\/5501","targetHints":{"allow":["GET"]}}],"collection":[{"href":"https:\/\/ispeculate.net\/writings\/wp-json\/wp\/v2\/posts"}],"about":[{"href":"https:\/\/ispeculate.net\/writings\/wp-json\/wp\/v2\/types\/post"}],"author":[{"embeddable":true,"href":"https:\/\/ispeculate.net\/writings\/wp-json\/wp\/v2\/users\/1"}],"replies":[{"embeddable":true,"href":"https:\/\/ispeculate.net\/writings\/wp-json\/wp\/v2\/comments?post=5501"}],"version-history":[{"count":0,"href":"https:\/\/ispeculate.net\/writings\/wp-json\/wp\/v2\/posts\/5501\/revisions"}],"wp:attachment":[{"href":"https:\/\/ispeculate.net\/writings\/wp-json\/wp\/v2\/media?parent=5501"}],"wp:term":[{"taxonomy":"category","embeddable":true,"href":"https:\/\/ispeculate.net\/writings\/wp-json\/wp\/v2\/categories?post=5501"},{"taxonomy":"post_tag","embeddable":true,"href":"https:\/\/ispeculate.net\/writings\/wp-json\/wp\/v2\/tags?post=5501"}],"curies":[{"name":"wp","href":"https:\/\/api.w.org\/{rel}","templated":true}]}}