{"id":5487,"date":"2013-12-02T16:21:19","date_gmt":"2013-12-02T20:21:19","guid":{"rendered":"http:\/\/igrundun.wordpress.com\/?p=5487"},"modified":"2013-12-02T16:21:19","modified_gmt":"2013-12-02T20:21:19","slug":"jesaja-38-kafli","status":"publish","type":"post","link":"https:\/\/ispeculate.net\/writings\/2013\/12\/02\/jesaja-38-kafli\/","title":{"rendered":"Jesaja 38. kafli"},"content":{"rendered":"<p>L\u00edkt og \u00ed 37. kaflanum erum vi\u00f0 h\u00e9r me\u00f0 helgihaldslj\u00f3\u00f0, e\u00f0a \u00f6llu heldur harmlj\u00f3\u00f0. Umgj\u00f6r\u00f0in eru veikindi Hisk\u00eda konungs. Lokaor\u00f0 lj\u00f3\u00f0sins eftir harmakveinin eru:<\/p>\n<blockquote><p>S\u00e1 einn sem lifir \u00feakkar \u00fe\u00e9r<br \/>\neins og \u00e9g n\u00fa \u00ed dag.<br \/>\nFe\u00f0ur munu segja b\u00f6rnum s\u00ednum<br \/>\nfr\u00e1 tr\u00fafesti \u00feinni.<br \/>\nDrottinn, \u00fe\u00e9r \u00fe\u00f3kna\u00f0ist a\u00f0 hj\u00e1lpa m\u00e9r,<br \/>\n\u00fev\u00ed skulum v\u00e9r leika \u00e1 strengi<br \/>\nvi\u00f0 h\u00fas Drottins<br \/>\nalla \u00e6vidaga vora.<\/p><\/blockquote>\n","protected":false},"excerpt":{"rendered":"<p>L\u00edkt og \u00ed 37. kaflanum erum vi\u00f0 h\u00e9r me\u00f0 helgihaldslj\u00f3\u00f0, e\u00f0a \u00f6llu heldur harmlj\u00f3\u00f0. Umgj\u00f6r\u00f0in eru veikindi Hisk\u00eda konungs. Lokaor\u00f0 lj\u00f3\u00f0sins eftir harmakveinin eru: S\u00e1 einn sem lifir \u00feakkar \u00fe\u00e9r eins og \u00e9g n\u00fa \u00ed dag. Fe\u00f0ur munu segja b\u00f6rnum s\u00ednum fr\u00e1 tr\u00fafesti \u00feinni. Drottinn, \u00fe\u00e9r \u00fe\u00f3kna\u00f0ist a\u00f0 hj\u00e1lpa m\u00e9r, \u00fev\u00ed skulum v\u00e9r leika \u00e1 &hellip; <a href=\"https:\/\/ispeculate.net\/writings\/2013\/12\/02\/jesaja-38-kafli\/\" class=\"more-link\">Continue reading <span class=\"screen-reader-text\">Jesaja 38. kafli<\/span><\/a><\/p>\n","protected":false},"author":1,"featured_media":0,"comment_status":"open","ping_status":"open","sticky":false,"template":"","format":"standard","meta":{"wds_primary_category":0,"footnotes":""},"categories":[4],"tags":[100,111,165],"class_list":["post-5487","post","type-post","status-publish","format-standard","hentry","category-lestur","tag-liturgy","tag-pain","tag-worship"],"_links":{"self":[{"href":"https:\/\/ispeculate.net\/writings\/wp-json\/wp\/v2\/posts\/5487","targetHints":{"allow":["GET"]}}],"collection":[{"href":"https:\/\/ispeculate.net\/writings\/wp-json\/wp\/v2\/posts"}],"about":[{"href":"https:\/\/ispeculate.net\/writings\/wp-json\/wp\/v2\/types\/post"}],"author":[{"embeddable":true,"href":"https:\/\/ispeculate.net\/writings\/wp-json\/wp\/v2\/users\/1"}],"replies":[{"embeddable":true,"href":"https:\/\/ispeculate.net\/writings\/wp-json\/wp\/v2\/comments?post=5487"}],"version-history":[{"count":0,"href":"https:\/\/ispeculate.net\/writings\/wp-json\/wp\/v2\/posts\/5487\/revisions"}],"wp:attachment":[{"href":"https:\/\/ispeculate.net\/writings\/wp-json\/wp\/v2\/media?parent=5487"}],"wp:term":[{"taxonomy":"category","embeddable":true,"href":"https:\/\/ispeculate.net\/writings\/wp-json\/wp\/v2\/categories?post=5487"},{"taxonomy":"post_tag","embeddable":true,"href":"https:\/\/ispeculate.net\/writings\/wp-json\/wp\/v2\/tags?post=5487"}],"curies":[{"name":"wp","href":"https:\/\/api.w.org\/{rel}","templated":true}]}}