{"id":5170,"date":"2013-10-16T12:50:28","date_gmt":"2013-10-16T16:50:28","guid":{"rendered":"http:\/\/igrundun.wordpress.com\/?p=5170"},"modified":"2013-10-16T12:50:28","modified_gmt":"2013-10-16T16:50:28","slug":"3-mosebok-23-kafli","status":"publish","type":"post","link":"https:\/\/ispeculate.net\/writings\/2013\/10\/16\/3-mosebok-23-kafli\/","title":{"rendered":"3. M\u00f3seb\u00f3k 23. kafli"},"content":{"rendered":"<p>Upptalning \u00e1 h\u00e1t\u00ed\u00f0um \u00ed \u00feessum kafla er \u00e1hugaver\u00f0 fyrir \u00fe\u00e6r sakir a\u00f0 \u00e1herslan er \u00e1 hv\u00edldina, en ekki innihald h\u00e1t\u00ed\u00f0anna. \u00deannig er ekki \u00fatsk\u00fdrt hvers vegna haldnir eru p\u00e1skar og h\u00e1t\u00ed\u00f0 hinna \u00f3s\u00fdr\u00f0u brau\u00f0a, heldur eing\u00f6ngu a\u00f0 \u00e1 \u00feeim d\u00f6gum skuli ekki vinna og halda samkomur.\u00a0<!--more--><\/p>\n<p>Eina v\u00edsunin til s\u00f6gunnar er \u00ed tengslum vi\u00f0 laufsk\u00e1lah\u00e1t\u00ed\u00f0ina.<\/p>\n<blockquote><p>\u00dei\u00f0 skulu\u00f0 b\u00faa \u00ed laufsk\u00e1lum sj\u00f6 daga. Allir innbornir menn \u00ed \u00cdsrael skulu b\u00faa \u00ed laufsk\u00e1lum\u00a0svo a\u00f0 ni\u00f0jar ykkar f\u00e1i a\u00f0 vita a\u00f0 \u00e9g l\u00e9t ykkur b\u00faa \u00ed laufsk\u00e1lum \u00feegar \u00e9g leiddi ykkur \u00fat \u00far Egyptalandi. \u00c9g er Drottinn, Gu\u00f0 ykkar.<\/p><\/blockquote>\n<p>\u00deannig hlj\u00f3ma \u00feessar h\u00e1t\u00ed\u00f0ir fremur eins og um s\u00e9 a\u00f0 r\u00e6\u00f0a h\u00e1t\u00ed\u00f0ir h\u00f3ps sem byggir \u00e1 hef\u00f0um landb\u00fana\u00f0arsamf\u00e9lagsins me\u00f0 fasta b\u00fasetu, en a\u00f0 um s\u00e9 a\u00f0 r\u00e6\u00f0a \u00fea\u00f0 s\u00edbreytilega samf\u00e9lag sem sameinast helst um sameiginlega s\u00f6gu og menningararf og vi\u00f0 m\u00e6tum v\u00ed\u00f0a annars sta\u00f0ar \u00ed M\u00f3seb\u00f3kunum.<\/p>\n","protected":false},"excerpt":{"rendered":"<p>Upptalning \u00e1 h\u00e1t\u00ed\u00f0um \u00ed \u00feessum kafla er \u00e1hugaver\u00f0 fyrir \u00fe\u00e6r sakir a\u00f0 \u00e1herslan er \u00e1 hv\u00edldina, en ekki innihald h\u00e1t\u00ed\u00f0anna. \u00deannig er ekki \u00fatsk\u00fdrt hvers vegna haldnir eru p\u00e1skar og h\u00e1t\u00ed\u00f0 hinna \u00f3s\u00fdr\u00f0u brau\u00f0a, heldur eing\u00f6ngu a\u00f0 \u00e1 \u00feeim d\u00f6gum skuli ekki vinna og halda samkomur.\u00a0<\/p>\n","protected":false},"author":1,"featured_media":0,"comment_status":"open","ping_status":"open","sticky":false,"template":"","format":"standard","meta":{"wds_primary_category":0,"footnotes":""},"categories":[4],"tags":[31,100,127,147,150],"class_list":["post-5170","post","type-post","status-publish","format-standard","hentry","category-lestur","tag-clergy","tag-liturgy","tag-religion","tag-storytelling","tag-teaching"],"_links":{"self":[{"href":"https:\/\/ispeculate.net\/writings\/wp-json\/wp\/v2\/posts\/5170","targetHints":{"allow":["GET"]}}],"collection":[{"href":"https:\/\/ispeculate.net\/writings\/wp-json\/wp\/v2\/posts"}],"about":[{"href":"https:\/\/ispeculate.net\/writings\/wp-json\/wp\/v2\/types\/post"}],"author":[{"embeddable":true,"href":"https:\/\/ispeculate.net\/writings\/wp-json\/wp\/v2\/users\/1"}],"replies":[{"embeddable":true,"href":"https:\/\/ispeculate.net\/writings\/wp-json\/wp\/v2\/comments?post=5170"}],"version-history":[{"count":0,"href":"https:\/\/ispeculate.net\/writings\/wp-json\/wp\/v2\/posts\/5170\/revisions"}],"wp:attachment":[{"href":"https:\/\/ispeculate.net\/writings\/wp-json\/wp\/v2\/media?parent=5170"}],"wp:term":[{"taxonomy":"category","embeddable":true,"href":"https:\/\/ispeculate.net\/writings\/wp-json\/wp\/v2\/categories?post=5170"},{"taxonomy":"post_tag","embeddable":true,"href":"https:\/\/ispeculate.net\/writings\/wp-json\/wp\/v2\/tags?post=5170"}],"curies":[{"name":"wp","href":"https:\/\/api.w.org\/{rel}","templated":true}]}}