{"id":5154,"date":"2013-10-12T14:09:09","date_gmt":"2013-10-12T18:09:09","guid":{"rendered":"http:\/\/igrundun.wordpress.com\/?p=5154"},"modified":"2013-10-12T14:09:09","modified_gmt":"2013-10-12T18:09:09","slug":"3-mosebok-19-kafli","status":"publish","type":"post","link":"https:\/\/ispeculate.net\/writings\/2013\/10\/12\/3-mosebok-19-kafli\/","title":{"rendered":"3. M\u00f3seb\u00f3k 19. kafli"},"content":{"rendered":"<p>Afram heldur upptalning \u00e1 l\u00f6gum og reglum. Einkenni upptalningarinnar er tr\u00famennska gagnvart Gu\u00f0i, g\u00f3\u00f0ger\u00f0ir og hei\u00f0arleiki. Daglaunama\u00f0ur skal f\u00e1 greitt samd\u00e6gurs, meins\u00e6ri er \u00f3heimilt, koma skal vel fram vi\u00f0 fatla\u00f0a, taka tillit til f\u00e1t\u00e6kra.<!--more--><\/p>\n<blockquote><p>\u00deegar \u00fei\u00f0 skeri\u00f0 upp korni\u00f0 \u00ed landi ykkar skaltu hvorki hir\u00f0a af ysta \u00fatja\u00f0ri akurs \u00fe\u00edns n\u00e9 dreifarnar \u00e1 akri \u00fe\u00ednum.\u00a0\u00de\u00fa skalt hvorki t\u00edna allt \u00ed v\u00edngar\u00f0i \u00fe\u00ednum n\u00e9 hir\u00f0a ber sem falla \u00ed v\u00edngar\u00f0i \u00fe\u00ednum. \u00de\u00fa skalt skilja \u00feetta eftir handa hinum f\u00e1t\u00e6ka og a\u00f0komumanninum.<\/p><\/blockquote>\n<p>Hei\u00f0arleiki og fyrirgefning gagnvart \u00feeim sem tilheyra samf\u00e9laginu er mikilv\u00e6gt stef.<\/p>\n<blockquote><p>\u00dei\u00f0 megi\u00f0 ekki fremja rangl\u00e6ti \u00ed r\u00e9ttinum. \u00de\u00fa m\u00e1tt hvorki draga taum hins valdalausa n\u00e9 vera hinum valdamikla undirgefinn. \u00de\u00fa skalt d\u00e6ma skyldmenni \u00fe\u00edn af r\u00e9ttl\u00e6ti.\u00a0\u00de\u00fa m\u00e1tt hvorki bera r\u00f3g \u00e1 me\u00f0al landa \u00feinna n\u00e9 krefjast bl\u00f3\u00f0s n\u00e1unga \u00fe\u00edns. &#8230;\u00a0\u00de\u00fa skalt ekki hefna \u00fe\u00edn \u00e1 l\u00f6ndum \u00fe\u00ednum. \u00de\u00fa skalt elska n\u00e1unga \u00feinn eins og sj\u00e1lfan \u00feig.<\/p><\/blockquote>\n<p>\u00dea\u00f0 m\u00e1 spyrja af hverju&#8230;<\/p>\n<blockquote><p>\u00de\u00fa skalt ekki bera kl\u00e6\u00f0i sem ofin eru \u00far tvenns konar bandi.<\/p><\/blockquote>\n<p>En a\u00f0 sama skapi eru l\u00f6g sem banna tegundabl\u00f6ndun d\u00fdra og a\u00f0 for\u00f0ast a\u00f0 s\u00e1 tvenns konar akri \u00ed gar\u00f0inn ekki endilega \u00f3skynsamleg.<\/p>\n<p>Kynfer\u00f0isleg misbeiting \u00e1 amb\u00e1ttum er \u00f3heimil (ef amb\u00e1tt er heitbundinn \u00f6\u00f0rum). Lagt er bann vi\u00f0 tr\u00faari\u00f0kun hvers konar sem tilheyrir \u00f6\u00f0rum samf\u00e9l\u00f6gum (sp\u00e1konur, galdur, &#8230;). A\u00f0 sama skapi er sj\u00e1lfska\u00f0i \u00f3heimill, h\u00fa\u00f0fl\u00far og kr\u00fanur\u00f6kun. Inntaki\u00f0 er h\u00e9r fyrst og fremst a\u00f0 \u00feeir (karlmenn) sem tilheyra \u00cdsraels\u00fej\u00f3\u00f0inni beri a\u00f0 skera sig fr\u00e1 \u00feeim sem ekki eru hluti af h\u00f3pnum, sem r\u00fdmar t.d. vi\u00f0 hetjus\u00f6gurnar af <a title=\"Dan\u00edelsb\u00f3k 1.\u00a0kafli\" href=\"http:\/\/igrundun.wordpress.com\/2013\/08\/27\/danielsbok-1-kafli\/\">Dan\u00edel<\/a> og vinum hans.<\/p>\n<p>Hins vegar er mikilv\u00e6gt a\u00f0 \u00fe\u00f3 a\u00f0 \u00cdsraels\u00fej\u00f3\u00f0inni beri a\u00f0 skera sig \u00far, \u00fe\u00e1 eru \u00e1kv\u00e6\u00f0in sk\u00fdr um a\u00f0komumanninn.<\/p>\n<blockquote><p>\u00deegar a\u00f0komuma\u00f0ur dvelur hj\u00e1 ykkur skulu\u00f0 \u00fei\u00f0 ekki s\u00fdna \u00f3j\u00f6fnu\u00f0.\u00a0A\u00f0komuma\u00f0ur, sem dvelur hj\u00e1 ykkur, skal nj\u00f3ta sama r\u00e9ttar og innborinn ma\u00f0ur. \u00de\u00fa skalt elska hann eins og sj\u00e1lfan \u00feig \u00fev\u00ed a\u00f0 \u00fei\u00f0 voru\u00f0 a\u00f0komumenn \u00ed Egyptalandi. \u00c9g er Drottinn, Gu\u00f0 ykkar.<\/p><\/blockquote>\n","protected":false},"excerpt":{"rendered":"<p>Afram heldur upptalning \u00e1 l\u00f6gum og reglum. Einkenni upptalningarinnar er tr\u00famennska gagnvart Gu\u00f0i, g\u00f3\u00f0ger\u00f0ir og hei\u00f0arleiki. Daglaunama\u00f0ur skal f\u00e1 greitt samd\u00e6gurs, meins\u00e6ri er \u00f3heimilt, koma skal vel fram vi\u00f0 fatla\u00f0a, taka tillit til f\u00e1t\u00e6kra.<\/p>\n","protected":false},"author":1,"featured_media":0,"comment_status":"open","ping_status":"open","sticky":false,"template":"","format":"standard","meta":{"wds_primary_category":0,"footnotes":""},"categories":[4],"tags":[34,69,94,118,124,126,127,150,158],"class_list":["post-5154","post","type-post","status-publish","format-standard","hentry","category-lestur","tag-community","tag-gender","tag-justice","tag-politics","tag-racism","tag-relationship","tag-religion","tag-teaching","tag-unity"],"_links":{"self":[{"href":"https:\/\/ispeculate.net\/writings\/wp-json\/wp\/v2\/posts\/5154","targetHints":{"allow":["GET"]}}],"collection":[{"href":"https:\/\/ispeculate.net\/writings\/wp-json\/wp\/v2\/posts"}],"about":[{"href":"https:\/\/ispeculate.net\/writings\/wp-json\/wp\/v2\/types\/post"}],"author":[{"embeddable":true,"href":"https:\/\/ispeculate.net\/writings\/wp-json\/wp\/v2\/users\/1"}],"replies":[{"embeddable":true,"href":"https:\/\/ispeculate.net\/writings\/wp-json\/wp\/v2\/comments?post=5154"}],"version-history":[{"count":0,"href":"https:\/\/ispeculate.net\/writings\/wp-json\/wp\/v2\/posts\/5154\/revisions"}],"wp:attachment":[{"href":"https:\/\/ispeculate.net\/writings\/wp-json\/wp\/v2\/media?parent=5154"}],"wp:term":[{"taxonomy":"category","embeddable":true,"href":"https:\/\/ispeculate.net\/writings\/wp-json\/wp\/v2\/categories?post=5154"},{"taxonomy":"post_tag","embeddable":true,"href":"https:\/\/ispeculate.net\/writings\/wp-json\/wp\/v2\/tags?post=5154"}],"curies":[{"name":"wp","href":"https:\/\/api.w.org\/{rel}","templated":true}]}}