{"id":4780,"date":"2013-07-06T16:48:13","date_gmt":"2013-07-06T16:48:13","guid":{"rendered":"http:\/\/igrundun.wordpress.com\/?p=4780"},"modified":"2013-07-06T16:48:13","modified_gmt":"2013-07-06T16:48:13","slug":"2-mosebok-14-kafli","status":"publish","type":"post","link":"https:\/\/ispeculate.net\/writings\/2013\/07\/06\/2-mosebok-14-kafli\/","title":{"rendered":"2. M\u00f3seb\u00f3k 14. kafli"},"content":{"rendered":"<p>Forher\u00f0ing fara\u00f3s er \u00e1fram til sta\u00f0ar. Jafnskj\u00f3t og fara\u00f3 \u00e1ttar sig \u00e1 a\u00f0 \u00cdsraels\u00fej\u00f3\u00f0in er fl\u00fain, kallar hann saman herinn til a\u00f0 elta uppi fl\u00f3ttaf\u00f3lki\u00f0. Hann n\u00e6r \u00cdsraelsm\u00f6nnum sem breg\u00f0ast vi\u00f0 hr\u00e6ddir.\u00a0<!--more--><\/p>\n<p>Lei\u00f0in a\u00f0 fyrirheitna landinu kallar \u00e1 breytingar. \u201eAllir\u201c vita a\u00f0 breytingar eru af hinu illa, eins og \u00e9g sag\u00f0i \u00ed part\u00fdi \u00ed fyrradag, me\u00f0 frams\u00e6knu v\u00edsindaf\u00f3lki, og uppg\u00f6tva\u00f0i m\u00e9r til skemmtunar a\u00f0 l\u00edklega \u00e1ttu\u00f0u \u00feau sig ekki \u00e1 h\u00e1\u00f0inu \u00ed or\u00f0um m\u00ednum. \u00dea\u00f0 er ekki alltaf au\u00f0velt a\u00f0 vera h\u00e6\u00f0in \u00e1 \u00f6\u00f0ru tungum\u00e1li en s\u00ednu eigin.<\/p>\n<p>Alla vega var \u00cdsraels\u00fej\u00f3\u00f0in flj\u00f3t a\u00f0 hafna breyttum a\u00f0st\u00e6\u00f0um \u00feegar \u00f3gnin ste\u00f0ja\u00f0i a\u00f0.<\/p>\n<blockquote><p>[\u00de]egar \u00cdsraelsmenn komu auga \u00e1 Egypta og s\u00e1u a\u00f0 \u00feeir s\u00f3ttu fram \u00e1 eftir \u00feeim ur\u00f0u \u00feeir mj\u00f6g hr\u00e6ddir. \u00cdsraelsmenn hr\u00f3pu\u00f0u \u00e1 hj\u00e1lp til Drottins\u00a0en s\u00f6g\u00f0u vi\u00f0 M\u00f3se: \u201eEru engar grafir til \u00ed Egyptalandi \u00far \u00fev\u00ed a\u00f0 \u00fe\u00fa f\u00f3rst me\u00f0 okkur til a\u00f0 deyja \u00ed ey\u00f0im\u00f6rkinni? Hvers vegna hefur\u00f0u gert okkur \u00feetta og fari\u00f0 me\u00f0 okkur \u00fat \u00far Egyptalandi?\u00a0Er \u00fea\u00f0 ekki einmitt \u00feetta sem vi\u00f0 s\u00f6g\u00f0um vi\u00f0 \u00feig \u00ed Egyptalandi: L\u00e1ttu okkur \u00ed fri\u00f0i. Vi\u00f0 viljum \u00fer\u00e6la fyrir Egypta \u00fev\u00ed a\u00f0 \u00fea\u00f0 er sk\u00e1rra fyrir okkur a\u00f0 \u00fer\u00e6la fyrir Egypta en a\u00f0 deyja \u00fati \u00ed ey\u00f0im\u00f6rkinni.\u201c<\/p><\/blockquote>\n<p>Allar breytingar fela \u00ed s\u00e9r n\u00fdjar a\u00f0st\u00e6\u00f0ur, n\u00fdjar \u00f3gnir og \u00e1 stundum vir\u00f0ist gamla g\u00f3\u00f0a k\u00fagunin og eymdin betri, en \u00f3vissan og \u00f3ttinn.<\/p>\n<p>\u00deannig var \u00feolinm\u00e6\u00f0in gagnvart vinstri stj\u00f3rn \u00e1 \u00cdslandi, sem jafna\u00f0i l\u00edfsskj\u00f6r og t\u00f3k \u00e1 \u00feenslu\u00fe\u00f6rfinni a\u00f0eins eitt kj\u00f6rt\u00edmabil. \u00c1 sama h\u00e1tt var stemmningin fyrir l\u00fd\u00f0r\u00e6\u00f0i \u00ed Egyptalandi 21. aldarinnar, a\u00f0eins r\u00e9tt r\u00edflega \u00e1r.<\/p>\n<p>Hr\u00e6\u00f0slan vi\u00f0 breytingar er nefnilega \u00f6flugt afl. \u00dea\u00f0 er betra a\u00f0 lifa \u00ed fullvissu og pirringi vegna illu kv\u00f3tak\u00f3nganna, en a\u00f0 horfast \u00ed augu vi\u00f0 a\u00f0 kannski g\u00e6tu a\u00f0st\u00e6\u00f0ur m\u00ednar breyst vi\u00f0 auki\u00f0 r\u00e9ttl\u00e6ti.<\/p>\n<p>&#8212;<\/p>\n<p>Gu\u00f0 gr\u00edpur enn \u00e1 n\u00fd inn \u00ed heim \u00cdsraels\u00fej\u00f3\u00f0arinnar, sagan minnir okkur \u00e1 a\u00f0 Gu\u00f0 er gerandinn, m\u00f3tandinn og hreyfiafl hlutanna. Enn \u00e1 n\u00fd sj\u00e1um vi\u00f0 sk\u00fdrt a\u00f0 \u00cdsraels\u00fej\u00f3\u00f0in er ekki Gu\u00f0s \u00fatvalda \u00fej\u00f3\u00f0 vegna mannkosta, dj\u00f6rfungar e\u00f0a krafts. \u00devert \u00e1 m\u00f3ti. \u00cdsraels\u00fej\u00f3\u00f0in er samansafn hr\u00e6ddra einstaklinga, sem \u00f3ska s\u00e9r einskis fremur en a\u00f0 lifa \u00e1fram \u00ed \u00f6ryggi \u00fer\u00e6lahaldaranna. Gu\u00f0s \u00fatvalda \u00fej\u00f3\u00f0 er Gu\u00f0s, svo m\u00e1ttarverk Gu\u00f0s ver\u00f0i s\u00fdnilegt.<\/p>\n<p>V\u00e6li og aumingjah\u00e6tti \u00cdsraels\u00fej\u00f3\u00f0arinnar er m\u00e6tt af Gu\u00f0i me\u00f0 kraftaverki. Hafi\u00f0 klofnar og \u00cdsraels\u00fej\u00f3\u00f0in getur gengi\u00f0 \u00feurrum f\u00f3tum \u00ed burtu fr\u00e1 \u00f3gninni. Her fara\u00f3s eltir en vatni\u00f0 rennur aftur \u00ed sinn e\u00f0lilega farveg \u00e1 n\u00fd, eftir a\u00f0 \u00cdsraels\u00fej\u00f3\u00f0in er \u00f6ll komin \u00ed gegn.<\/p>\n<blockquote><p>\u00deegar vatni\u00f0 kom aftur luktist \u00fea\u00f0 yfir hervagna, riddara og allt herli\u00f0 fara\u00f3s sem fari\u00f0 haf\u00f0i \u00e1 eftir \u00feeim \u00fat \u00ed hafi\u00f0. Enginn \u00feeirra komst af.<\/p><\/blockquote>\n<p>\u00dea\u00f0 er ekki fyrr en \u00cdsraels\u00fej\u00f3\u00f0in s\u00e9r Egyptanna liggja dau\u00f0a \u00e1 str\u00f6ndinni a\u00f0 m\u00e1ttur Gu\u00f0s rennur upp fyrir \u00feeim. Hva\u00f0 skyldi \u00fea\u00f0 endast lengi?<\/p>\n","protected":false},"excerpt":{"rendered":"<p>Forher\u00f0ing fara\u00f3s er \u00e1fram til sta\u00f0ar. Jafnskj\u00f3t og fara\u00f3 \u00e1ttar sig \u00e1 a\u00f0 \u00cdsraels\u00fej\u00f3\u00f0in er fl\u00fain, kallar hann saman herinn til a\u00f0 elta uppi fl\u00f3ttaf\u00f3lki\u00f0. Hann n\u00e6r \u00cdsraelsm\u00f6nnum sem breg\u00f0ast vi\u00f0 hr\u00e6ddir.\u00a0<\/p>\n","protected":false},"author":1,"featured_media":0,"comment_status":"open","ping_status":"open","sticky":false,"template":"","format":"standard","meta":{"wds_primary_category":0,"footnotes":""},"categories":[4],"tags":[25,39,85,118],"class_list":["post-4780","post","type-post","status-publish","format-standard","hentry","category-lestur","tag-change","tag-crap","tag-hruni","tag-politics"],"_links":{"self":[{"href":"https:\/\/ispeculate.net\/writings\/wp-json\/wp\/v2\/posts\/4780","targetHints":{"allow":["GET"]}}],"collection":[{"href":"https:\/\/ispeculate.net\/writings\/wp-json\/wp\/v2\/posts"}],"about":[{"href":"https:\/\/ispeculate.net\/writings\/wp-json\/wp\/v2\/types\/post"}],"author":[{"embeddable":true,"href":"https:\/\/ispeculate.net\/writings\/wp-json\/wp\/v2\/users\/1"}],"replies":[{"embeddable":true,"href":"https:\/\/ispeculate.net\/writings\/wp-json\/wp\/v2\/comments?post=4780"}],"version-history":[{"count":0,"href":"https:\/\/ispeculate.net\/writings\/wp-json\/wp\/v2\/posts\/4780\/revisions"}],"wp:attachment":[{"href":"https:\/\/ispeculate.net\/writings\/wp-json\/wp\/v2\/media?parent=4780"}],"wp:term":[{"taxonomy":"category","embeddable":true,"href":"https:\/\/ispeculate.net\/writings\/wp-json\/wp\/v2\/categories?post=4780"},{"taxonomy":"post_tag","embeddable":true,"href":"https:\/\/ispeculate.net\/writings\/wp-json\/wp\/v2\/tags?post=4780"}],"curies":[{"name":"wp","href":"https:\/\/api.w.org\/{rel}","templated":true}]}}