{"id":4732,"date":"2013-06-24T15:44:04","date_gmt":"2013-06-24T15:44:04","guid":{"rendered":"http:\/\/igrundun.wordpress.com\/?p=4732"},"modified":"2013-06-24T15:44:04","modified_gmt":"2013-06-24T15:44:04","slug":"2-mosebok-2-kafli","status":"publish","type":"post","link":"https:\/\/ispeculate.net\/writings\/2013\/06\/24\/2-mosebok-2-kafli\/","title":{"rendered":"2. M\u00f3seb\u00f3k 2. kafli"},"content":{"rendered":"<p>Sagan af drengnum sem var haldi\u00f0 leyndum \u00ed \u00ferj\u00e1 m\u00e1nu\u00f0i, \u00e1\u00f0ur en m\u00f3\u00f0irin lag\u00f0i hann \u00ed sefk\u00f6rfu \u00fat \u00ed flj\u00f3ti\u00f0, sagan um M\u00f3se, er vel \u00feekkt. Vi\u00f0 \u00feekkjum l\u00edka myndirnar af Miriam systur hans sem hleypur ni\u00f0ur me\u00f0 \u00e1nni og fylgist me\u00f0 hvernig karfan vaggar fallega \u00ed \u00e1nni, n\u00fa e\u00f0a kastast til og fr\u00e1 og er n\u00e6stum \u00e9tin af kr\u00f3k\u00f3d\u00edlum. \u00datf\u00e6rslurnar eru nokkrar.<\/p>\n<p><!--more--><\/p>\n<p>L\u00edkt og \u00f6nnur sveinb\u00f6rn hebrea er M\u00f3se settur \u00ed \u00e1nna. En d\u00f3ttir konungs er s\u00f6g\u00f0 finna hann og vorkenna honum. Miriam fylgist me\u00f0 \u00f6llu sem fram fer og st\u00edgur s\u00ed\u00f0an inn \u00ed myndina.<\/p>\n<blockquote><p>\u00de\u00e1 spur\u00f0i systir hans d\u00f3ttur fara\u00f3s: \u201e\u00c1 \u00e9g a\u00f0 fara og kalla \u00e1 hebreska brj\u00f3stm\u00f3\u00f0ur fyrir \u00feig?\u201c D\u00f3ttir fara\u00f3s svara\u00f0i: \u201eJ\u00e1, ger\u00f0u \u00fea\u00f0.\u201c St\u00falkan f\u00f3r og kalla\u00f0i \u00e1 m\u00f3\u00f0ur drengsins. D\u00f3ttir fara\u00f3s sag\u00f0i vi\u00f0 hana: \u201eFar\u00f0u me\u00f0 \u00feennan dreng og haf\u00f0u hann \u00e1 brj\u00f3sti fyrir mig og \u00e9g skal launa \u00fe\u00e9r \u00fea\u00f0.\u201c Konan f\u00f3r me\u00f0 drenginn og haf\u00f0i hann \u00e1 brj\u00f3sti. \u00deegar drengurinn st\u00e1lpa\u00f0ist f\u00f3r h\u00fan me\u00f0 hann til d\u00f3ttur fara\u00f3s sem t\u00f3k hann \u00ed sonar sta\u00f0. H\u00fan gaf honum nafni\u00f0 M\u00f3se og sag\u00f0i: \u201e\u00dev\u00ed a\u00f0 \u00e9g dr\u00f3 hann upp \u00far vatninu.\u201c<\/p><\/blockquote>\n<p>M\u00f3ses er alinn upp \u00e1 m\u00f6rkum tveggja heima. \u00cd frumbernsku dvelur hann hj\u00e1 fj\u00f6lskyldu sinni, en f\u00e6r athvarf \u00ed konungsh\u00f6llinni er hann eldist. \u00deessi gl\u00edma lei\u00f0ir til \u00feess a\u00f0 M\u00f3ses myr\u00f0ir Egypta sem hann s\u00e9r sl\u00e1 hebreskan mann.<\/p>\n<p>\u00cd kj\u00f6lfari\u00f0 fl\u00fdr M\u00f3ses burt \u00far Egyptalandi og til Mid\u00edanslands. \u00dear kv\u00e6nist hann prestsd\u00f3ttur og kemur s\u00e9r fyrir sem<\/p>\n<blockquote><p>a\u00f0komuma\u00f0ur \u00ed \u00f3kunnu landi.<\/p><\/blockquote>\n<p>\u00deegar r\u00e1\u00f0andi konungur \u00ed Egyptalandi deyr og kvein \u00cdsraelsmanna halda \u00e1fram, \u00e1kve\u00f0ur Gu\u00f0 a\u00f0 st\u00edga fram og minnast s\u00e1ttm\u00e1la s\u00edns vi\u00f0 Abraham, \u00cdsak og Jakob.<\/p>\n","protected":false},"excerpt":{"rendered":"<p>Sagan af drengnum sem var haldi\u00f0 leyndum \u00ed \u00ferj\u00e1 m\u00e1nu\u00f0i, \u00e1\u00f0ur en m\u00f3\u00f0irin lag\u00f0i hann \u00ed sefk\u00f6rfu \u00fat \u00ed flj\u00f3ti\u00f0, sagan um M\u00f3se, er vel \u00feekkt. Vi\u00f0 \u00feekkjum l\u00edka myndirnar af Miriam systur hans sem hleypur ni\u00f0ur me\u00f0 \u00e1nni og fylgist me\u00f0 hvernig karfan vaggar fallega \u00ed \u00e1nni, n\u00fa e\u00f0a kastast til og fr\u00e1 og &hellip; <a href=\"https:\/\/ispeculate.net\/writings\/2013\/06\/24\/2-mosebok-2-kafli\/\" class=\"more-link\">Continue reading <span class=\"screen-reader-text\">2. M\u00f3seb\u00f3k 2. kafli<\/span><\/a><\/p>\n","protected":false},"author":1,"featured_media":0,"comment_status":"open","ping_status":"open","sticky":false,"template":"","format":"standard","meta":{"wds_primary_category":0,"footnotes":""},"categories":[4],"tags":[63,69,70,89,124,127],"class_list":["post-4732","post","type-post","status-publish","format-standard","hentry","category-lestur","tag-family","tag-gender","tag-gods-plan","tag-injustice","tag-racism","tag-religion"],"_links":{"self":[{"href":"https:\/\/ispeculate.net\/writings\/wp-json\/wp\/v2\/posts\/4732","targetHints":{"allow":["GET"]}}],"collection":[{"href":"https:\/\/ispeculate.net\/writings\/wp-json\/wp\/v2\/posts"}],"about":[{"href":"https:\/\/ispeculate.net\/writings\/wp-json\/wp\/v2\/types\/post"}],"author":[{"embeddable":true,"href":"https:\/\/ispeculate.net\/writings\/wp-json\/wp\/v2\/users\/1"}],"replies":[{"embeddable":true,"href":"https:\/\/ispeculate.net\/writings\/wp-json\/wp\/v2\/comments?post=4732"}],"version-history":[{"count":0,"href":"https:\/\/ispeculate.net\/writings\/wp-json\/wp\/v2\/posts\/4732\/revisions"}],"wp:attachment":[{"href":"https:\/\/ispeculate.net\/writings\/wp-json\/wp\/v2\/media?parent=4732"}],"wp:term":[{"taxonomy":"category","embeddable":true,"href":"https:\/\/ispeculate.net\/writings\/wp-json\/wp\/v2\/categories?post=4732"},{"taxonomy":"post_tag","embeddable":true,"href":"https:\/\/ispeculate.net\/writings\/wp-json\/wp\/v2\/tags?post=4732"}],"curies":[{"name":"wp","href":"https:\/\/api.w.org\/{rel}","templated":true}]}}