{"id":4709,"date":"2013-06-18T22:20:47","date_gmt":"2013-06-18T22:20:47","guid":{"rendered":"http:\/\/igrundun.wordpress.com\/?p=4709"},"modified":"2013-06-18T22:20:47","modified_gmt":"2013-06-18T22:20:47","slug":"esterarbok-6-kafli","status":"publish","type":"post","link":"https:\/\/ispeculate.net\/writings\/2013\/06\/18\/esterarbok-6-kafli\/","title":{"rendered":"Esterarb\u00f3k 6. kafli"},"content":{"rendered":"<p>N\u00f3ttina fyrir veisluna liggur konungur andvaka og l\u00e6tur lesa fyrir sig fr\u00e1s\u00f6gn um tilr\u00e6\u00f0i\u00f0 vi\u00f0 sig. \u00dear er skr\u00e1\u00f0 a\u00f0 \u00fea\u00f0 hafi \u00ed raun veri\u00f0 Mordeka\u00ed sem kom upp um tilr\u00e6\u00f0ismennina, en hafi ekki fengi\u00f0 neitt a\u00f0 launum.<!--more--><\/p>\n<p>Konungur \u00e1kve\u00f0ur a\u00f0 hei\u00f0ra Mordeka\u00ed, en \u00e1 sama t\u00edma gengur Haman \u00ed h\u00f6llina. Konungur leitar til Haman um hugmyndir a\u00f0 \u00fev\u00ed hvernig hei\u00f0ra megi \u00feann sem hei\u00f0ur ber.<\/p>\n<blockquote><p>\u00deegar Haman gekk inn sag\u00f0i konungur vi\u00f0 hann: \u201eHva\u00f0 \u00e1 a\u00f0 gera fyrir \u00feann mann sem konungur vill s\u00fdna hei\u00f0ur?\u201c \u00de\u00e1 hugsa\u00f0i Haman me\u00f0 s\u00e9r: <strong>\u201eHvern skyldi konungur vilja hei\u00f0ra fremur en mig?\u201c<\/strong>Hann svara\u00f0i konungi: \u201eVilji konungur s\u00fdna einhverjum hei\u00f0ur\u00a0\u00fe\u00e1 skal s\u00e6kja konungleg skr\u00fa\u00f0kl\u00e6\u00f0i, sem konungur hefur sj\u00e1lfur bori\u00f0, og setja konunglegt h\u00f6fu\u00f0dj\u00e1sn \u00e1 hest sem konungur hefur ri\u00f0i\u00f0.\u00a0Skr\u00fa\u00f0kl\u00e6\u00f0in og hestinn skal f\u00e1 einum \u00e6\u00f0sta tignamanni konungs. Manninn, sem konungur vill hei\u00f0ra, skal hann f\u00e6ra \u00ed skr\u00fa\u00f0kl\u00e6\u00f0in, l\u00e1ta hann s\u00ed\u00f0an r\u00ed\u00f0a hestinum um borgartorgi\u00f0 og hr\u00f3pa fyrir honum: \u00deannig er gert vi\u00f0 \u00feann mann sem konungur vill hei\u00f0ra.\u201c<\/p><\/blockquote>\n<p>F\u00e9kk konungur \u00fe\u00e1 Haman til \u00feess a\u00f0 hei\u00f0ra Mordeka\u00ed, sem f\u00f3r ekki vel \u00ed Haman. \u00dea\u00f0 er \u00fe\u00f3 lj\u00f3st a\u00f0 n\u00fa dregur flj\u00f3tt til t\u00ed\u00f0inda.<\/p>\n<p>&nbsp;<\/p>\n","protected":false},"excerpt":{"rendered":"<p>N\u00f3ttina fyrir veisluna liggur konungur andvaka og l\u00e6tur lesa fyrir sig fr\u00e1s\u00f6gn um tilr\u00e6\u00f0i\u00f0 vi\u00f0 sig. \u00dear er skr\u00e1\u00f0 a\u00f0 \u00fea\u00f0 hafi \u00ed raun veri\u00f0 Mordeka\u00ed sem kom upp um tilr\u00e6\u00f0ismennina, en hafi ekki fengi\u00f0 neitt a\u00f0 launum.<\/p>\n","protected":false},"author":1,"featured_media":0,"comment_status":"open","ping_status":"open","sticky":false,"template":"","format":"standard","meta":{"wds_primary_category":0,"footnotes":""},"categories":[4],"tags":[39,118,147],"class_list":["post-4709","post","type-post","status-publish","format-standard","hentry","category-lestur","tag-crap","tag-politics","tag-storytelling"],"_links":{"self":[{"href":"https:\/\/ispeculate.net\/writings\/wp-json\/wp\/v2\/posts\/4709","targetHints":{"allow":["GET"]}}],"collection":[{"href":"https:\/\/ispeculate.net\/writings\/wp-json\/wp\/v2\/posts"}],"about":[{"href":"https:\/\/ispeculate.net\/writings\/wp-json\/wp\/v2\/types\/post"}],"author":[{"embeddable":true,"href":"https:\/\/ispeculate.net\/writings\/wp-json\/wp\/v2\/users\/1"}],"replies":[{"embeddable":true,"href":"https:\/\/ispeculate.net\/writings\/wp-json\/wp\/v2\/comments?post=4709"}],"version-history":[{"count":0,"href":"https:\/\/ispeculate.net\/writings\/wp-json\/wp\/v2\/posts\/4709\/revisions"}],"wp:attachment":[{"href":"https:\/\/ispeculate.net\/writings\/wp-json\/wp\/v2\/media?parent=4709"}],"wp:term":[{"taxonomy":"category","embeddable":true,"href":"https:\/\/ispeculate.net\/writings\/wp-json\/wp\/v2\/categories?post=4709"},{"taxonomy":"post_tag","embeddable":true,"href":"https:\/\/ispeculate.net\/writings\/wp-json\/wp\/v2\/tags?post=4709"}],"curies":[{"name":"wp","href":"https:\/\/api.w.org\/{rel}","templated":true}]}}