{"id":4552,"date":"2013-05-22T14:39:54","date_gmt":"2013-05-22T14:39:54","guid":{"rendered":"http:\/\/igrundun.wordpress.com\/?p=4552"},"modified":"2013-05-22T14:39:54","modified_gmt":"2013-05-22T14:39:54","slug":"baruksbok-3-kafli","status":"publish","type":"post","link":"https:\/\/ispeculate.net\/writings\/2013\/05\/22\/baruksbok-3-kafli\/","title":{"rendered":"Bar\u00faksb\u00f3k 3. kafli"},"content":{"rendered":"<p>Bar\u00fak heldur \u00e1kalli s\u00ednu \u00e1fram. Hann bi\u00f0ur Gu\u00f0 um a\u00f0 l\u00edta framhj\u00e1 syndum fe\u00f0ranna. Lausnin felst ekki \u00ed m\u00e6tti okkar mannanna,<\/p>\n<blockquote><p>Minnstu heldur m\u00e1ttar \u00fe\u00edns og nafns \u00fe\u00edns \u00e1 \u00feessari stundu.\u00a0\u00dev\u00ed a\u00f0 \u00fe\u00fa ert Drottinn Gu\u00f0 og v\u00e9r skulum syngja \u00fe\u00e9r lof, Drottinn.<!--more--><\/p><\/blockquote>\n<p>Spekin kemur h\u00e9r fyrir \u00ed fyrsta skipti \u00ed yfirfer\u00f0 minni yfir kafla Bibl\u00edunnar. Spekin \u00ed skrifum Bar\u00fak v\u00edsa \u00fe\u00f3 ekki nau\u00f0synlega til spekinnar sem vi\u00f0 sj\u00e1um \u00ed spekiritum Bibl\u00edunnar. \u00deeirrar speki (sophia) sem v\u00edsar til Gu\u00f0s \u00ed fjarl\u00e6g\u00f0, til deisma, \u00e1n n\u00e1l\u00e6g\u00f0ar vi\u00f0 f\u00f3lk sitt.<\/p>\n<p>Spekin \u00ed texta Bar\u00fak er v\u00edsun til Torah, til l\u00f6gm\u00e1lsins sem Jahve gaf \u00fej\u00f3\u00f0 sinni, eins og sj\u00e1 m\u00e1 \u00ed fyrsta <a title=\"Bar\u00fak 4. kafli\" href=\"http:\/\/igrundun.wordpress.com\/2013\/05\/23\/baruk-4-kafli\/\">fj\u00f3r\u00f0a kafla Bar\u00faksb\u00f3kar<\/a>. Spekin \u00ed skrifum Bar\u00fak er gj\u00f6f Gu\u00f0s til \u00fej\u00f3\u00f0ar sinnar, en ekki uppg\u00f6tvanleg \u00ed gangi himintunglanna e\u00f0a innskrifu\u00f0 \u00ed hj\u00f6rtu mannanna.<\/p>\n","protected":false},"excerpt":{"rendered":"<p>Bar\u00fak heldur \u00e1kalli s\u00ednu \u00e1fram. Hann bi\u00f0ur Gu\u00f0 um a\u00f0 l\u00edta framhj\u00e1 syndum fe\u00f0ranna. Lausnin felst ekki \u00ed m\u00e6tti okkar mannanna, Minnstu heldur m\u00e1ttar \u00fe\u00edns og nafns \u00fe\u00edns \u00e1 \u00feessari stundu.\u00a0\u00dev\u00ed a\u00f0 \u00fe\u00fa ert Drottinn Gu\u00f0 og v\u00e9r skulum syngja \u00fe\u00e9r lof, Drottinn.<\/p>\n","protected":false},"author":1,"featured_media":0,"comment_status":"open","ping_status":"open","sticky":false,"template":"","format":"standard","meta":{"wds_primary_category":0,"footnotes":""},"categories":[4],"tags":[45,146,154,162],"class_list":["post-4552","post","type-post","status-publish","format-standard","hentry","category-lestur","tag-deeds","tag-stewardship","tag-theology","tag-wisdom"],"_links":{"self":[{"href":"https:\/\/ispeculate.net\/writings\/wp-json\/wp\/v2\/posts\/4552","targetHints":{"allow":["GET"]}}],"collection":[{"href":"https:\/\/ispeculate.net\/writings\/wp-json\/wp\/v2\/posts"}],"about":[{"href":"https:\/\/ispeculate.net\/writings\/wp-json\/wp\/v2\/types\/post"}],"author":[{"embeddable":true,"href":"https:\/\/ispeculate.net\/writings\/wp-json\/wp\/v2\/users\/1"}],"replies":[{"embeddable":true,"href":"https:\/\/ispeculate.net\/writings\/wp-json\/wp\/v2\/comments?post=4552"}],"version-history":[{"count":0,"href":"https:\/\/ispeculate.net\/writings\/wp-json\/wp\/v2\/posts\/4552\/revisions"}],"wp:attachment":[{"href":"https:\/\/ispeculate.net\/writings\/wp-json\/wp\/v2\/media?parent=4552"}],"wp:term":[{"taxonomy":"category","embeddable":true,"href":"https:\/\/ispeculate.net\/writings\/wp-json\/wp\/v2\/categories?post=4552"},{"taxonomy":"post_tag","embeddable":true,"href":"https:\/\/ispeculate.net\/writings\/wp-json\/wp\/v2\/tags?post=4552"}],"curies":[{"name":"wp","href":"https:\/\/api.w.org\/{rel}","templated":true}]}}