{"id":4332,"date":"2012-11-10T12:57:04","date_gmt":"2012-11-10T12:57:04","guid":{"rendered":"http:\/\/igrundun.wordpress.com\/?p=4332"},"modified":"2012-11-10T12:57:04","modified_gmt":"2012-11-10T12:57:04","slug":"jakvaed-throun","status":"publish","type":"post","link":"https:\/\/ispeculate.net\/writings\/2012\/11\/10\/jakvaed-throun\/","title":{"rendered":"J\u00e1kv\u00e6\u00f0 \u00fer\u00f3un"},"content":{"rendered":"<p>\u00deegar \u00e9g renndi yfir vefmi\u00f0la \u00ed morgun rak \u00e9g augun \u00ed myndatexta \u00e1 mbl.is sem stakk mig svol\u00edti\u00f0<\/p>\n<blockquote><p>\u00cd g\u00e6r f\u00f3r fram kirkju\u00feing unga f\u00f3lksins. Hlutverk \u00feess er a\u00f0 r\u00e6\u00f0a st\u00f6\u00f0u og hlutverk ungs f\u00f3lks \u00ed \u00fej\u00f3\u00f0kirkjunni.<!--more--><\/p><\/blockquote>\n<p>Blessunarlega s\u00fdnist m\u00e9r a\u00f0 \u00feetta s\u00e9 rangt, s\u00e9r \u00ed lagi \u00feegar \u00e9g sko\u00f0a m\u00e1laskr\u00e1 kirkju\u00feings unga f\u00f3lksins. Hlutverk \u00feess er nefnilega a\u00f0 fjalla um m\u00e1lefni kirkjunnar fr\u00e1 sj\u00f3narh\u00f3li ungs f\u00f3lks, sem er \u00ed grundvallaratri\u00f0um \u00f3l\u00edkt \u00fev\u00ed a\u00f0 r\u00e6\u00f0a um st\u00f6\u00f0u og hlutverk ungs f\u00f3lks \u00ed \u00fej\u00f3\u00f0kirkjunni.<\/p>\n<p>Vissulega var umr\u00e6\u00f0an \u00e1 kirkju\u00feingi unga f\u00f3lksins \u00e1 \u00e1rinu 2011, fremur sj\u00e1lfhverf og einbl\u00edndi \u00e1 fremur \u00fer\u00f6ngan kirkjuveruleika, en n\u00fa \u00ed \u00e1r hefur \u00fea\u00f0 breyst t\u00f6luvert.<\/p>\n<p>\u00deannig fjalla till\u00f6gur \u00feingsins a\u00f0 \u00feessu sinni um einelti \u00e1 vettvangi kirkjunnar sem er ekki einv\u00f6r\u00f0ungu tengt ungu f\u00f3lki, \u00fe\u00e1 er tillaga um vanda\u00f0ri skimun starfsf\u00f3lks og mikilv\u00e6gi eftirfylgdar vi\u00f0 si\u00f0areglur sem er ekki bundi\u00f0 vi\u00f0 ungt f\u00f3lk og tillaga um lei\u00f0r\u00e9ttingu \u00e1 ni\u00f0urskur\u00f0i s\u00f3knargjalda. Tillaga var l\u00f6g\u00f0 fram um afst\u00f6\u00f0u kirkjunnar til innflytjendam\u00e1la og \u00f6nnur um umhverfisstefnu.<\/p>\n<p>\u00deessi \u00fer\u00f3un er fr\u00e1b\u00e6r og mikilv\u00e6gt a\u00f0 tillaga um a\u00f0 styrkja innvi\u00f0i kirkju\u00feings unga f\u00f3lksins ver\u00f0i tekin upp og fundnar formlegar lei\u00f0ir til a\u00f0 gefa vinnu unga f\u00f3lksins meira v\u00e6gi \u00e1 vettvangi kirkjunnar sem heildar.<\/p>\n","protected":false},"excerpt":{"rendered":"<p>\u00deegar \u00e9g renndi yfir vefmi\u00f0la \u00ed morgun rak \u00e9g augun \u00ed myndatexta \u00e1 mbl.is sem stakk mig svol\u00edti\u00f0 \u00cd g\u00e6r f\u00f3r fram kirkju\u00feing unga f\u00f3lksins. Hlutverk \u00feess er a\u00f0 r\u00e6\u00f0a st\u00f6\u00f0u og hlutverk ungs f\u00f3lks \u00ed \u00fej\u00f3\u00f0kirkjunni.<\/p>\n","protected":false},"author":1,"featured_media":0,"comment_status":"open","ping_status":"open","sticky":false,"template":"","format":"standard","meta":{"wds_primary_category":0,"footnotes":""},"categories":[2],"tags":[29,68,97,99,145,146,168],"class_list":["post-4332","post","type-post","status-publish","format-standard","hentry","category-islenska","tag-church","tag-gathering","tag-leadership","tag-listening","tag-state-church","tag-stewardship","tag-youthwork"],"_links":{"self":[{"href":"https:\/\/ispeculate.net\/writings\/wp-json\/wp\/v2\/posts\/4332","targetHints":{"allow":["GET"]}}],"collection":[{"href":"https:\/\/ispeculate.net\/writings\/wp-json\/wp\/v2\/posts"}],"about":[{"href":"https:\/\/ispeculate.net\/writings\/wp-json\/wp\/v2\/types\/post"}],"author":[{"embeddable":true,"href":"https:\/\/ispeculate.net\/writings\/wp-json\/wp\/v2\/users\/1"}],"replies":[{"embeddable":true,"href":"https:\/\/ispeculate.net\/writings\/wp-json\/wp\/v2\/comments?post=4332"}],"version-history":[{"count":0,"href":"https:\/\/ispeculate.net\/writings\/wp-json\/wp\/v2\/posts\/4332\/revisions"}],"wp:attachment":[{"href":"https:\/\/ispeculate.net\/writings\/wp-json\/wp\/v2\/media?parent=4332"}],"wp:term":[{"taxonomy":"category","embeddable":true,"href":"https:\/\/ispeculate.net\/writings\/wp-json\/wp\/v2\/categories?post=4332"},{"taxonomy":"post_tag","embeddable":true,"href":"https:\/\/ispeculate.net\/writings\/wp-json\/wp\/v2\/tags?post=4332"}],"curies":[{"name":"wp","href":"https:\/\/api.w.org\/{rel}","templated":true}]}}