{"id":3870,"date":"2012-03-14T17:37:38","date_gmt":"2012-03-14T17:37:38","guid":{"rendered":"https:\/\/ispeculate.wpmudev.host\/main\/?p=3870"},"modified":"2012-03-14T17:37:38","modified_gmt":"2012-03-14T17:37:38","slug":"facebook-notkun-unglinga","status":"publish","type":"post","link":"https:\/\/ispeculate.net\/writings\/2012\/03\/14\/facebook-notkun-unglinga\/","title":{"rendered":"Facebook notkun unglinga"},"content":{"rendered":"<p>Af hagn\u00fdtum \u00e1st\u00e6\u00f0um \u00feurfti \u00e9g n\u00fdlega a\u00f0 setjast ni\u00f0ur me\u00f0 g\u00f3\u00f0ri manneskju og sko\u00f0a hva\u00f0a reglur og heg\u00f0un v\u00e6ri mikilv\u00e6gt a\u00f0 unglingur undir 18 \u00e1ra tileinka\u00f0i s\u00e9r \u00e1 Facebook. Eftir \u00fe\u00f3nokkrar samr\u00e6\u00f0ur og vangaveltur endu\u00f0um vi\u00f0 me\u00f0 15 reglur sem gott er a\u00f0 hafa \u00ed huga.<!--more--><\/p>\n<p>\u00dear sem \u00e9g hef ekki rekist \u00e1 sl\u00edkar reglur \u00e1 \u00edslensku annars sta\u00f0ar datt m\u00e9r \u00ed hug a\u00f0 setja \u00fe\u00e6r h\u00e9r \u00e1 ispeculate.net sem hugmynd e\u00f0a til umr\u00e6\u00f0u.<\/p>\n<p><strong>Facebook-reglur fyrir \u00f3sj\u00e1lfr\u00e1\u00f0a unglinga<\/strong><\/p>\n<ol>\n<li><span style=\"font-family:Helvetica, Arial, sans-serif\">Foreldrar \u00fe\u00ednir \u00feurfa a\u00f0 vera vinir \u00fe\u00ednir \u00e1 Facebook.<\/span><\/li>\n<li><span style=\"font-family:Helvetica, Arial, sans-serif\">Sam\u00feykktu bara vini sem \u00fe\u00fa \u00feekkir og ert viss um hverjir eru.<\/span><\/li>\n<li><span style=\"font-family:Helvetica, Arial, sans-serif\">\u00de\u00fa \u00fearft ekki a\u00f0 sam\u00feykkja vinabei\u00f0nir fr\u00e1 neinum frekar en \u00fe\u00fa vilt. Ekki einu sinni fr\u00e1 \u00e6ttingjum (nema au\u00f0vita\u00f0 fr\u00e1 foreldrum).<\/span><\/li>\n<li><span style=\"font-family:Helvetica, Arial, sans-serif\">Vertu eing\u00f6ngu \u00ed h\u00f3pum (e. group) e\u00f0a \u201eNetwork\u201c sem \u00fe\u00fa tilheyrir \u00ed raunveruleikanum. <\/span><\/li>\n<li><span style=\"font-family:Helvetica, Arial, sans-serif\">\u00de\u00fa m\u00e1tt ekki vera vinur kennaranna \u00feinna, lei\u00f0beinenda, \u00fej\u00e1lfara e\u00f0a \u00e6skul\u00fd\u00f0slei\u00f0toga. \u00de\u00fa m\u00e1tt hins vegar vera \u00ed h\u00f3pum (e. groups) sem \u00feau stofna \u00ed kringum verkefni\/atbur\u00f0i\/h\u00f3pa sem \u00fe\u00fa tilheyrir og\/e\u00f0a tekur \u00fe\u00e1tt \u00ed.<\/span><\/li>\n<li><span style=\"font-family:Helvetica, Arial, sans-serif\">A\u00f0gengi a\u00f0 veggnum \u00fe\u00ednum \u00fearf a\u00f0 vera loka\u00f0 \u00f6\u00f0rum en vinum. Einkastillingar (e. privacy settings) \u00feurfa \u00fdmist a\u00f0 vera \u201ebara vinir\u201c e\u00f0a \u201ebara \u00e9g\u201c, t.d. \u00fearf a\u00f0 stilla myndir \u00feannig a\u00f0 \u00fe\u00e6r birtist bara hj\u00e1 vinum (en ekki vinum vina).<\/span><\/li>\n<li><span style=\"font-family:Helvetica, Arial, sans-serif\">Haf\u00f0u allar uppl\u00fdsingar um netf\u00f6ng, vefs\u00ed\u00f0ur, s\u00edma e\u00f0a anna\u00f0 fali\u00f0 \u00e1 s\u00ed\u00f0unni \u00feinni. Best er a\u00f0 skr\u00e1 sem minnst af sl\u00edkum uppl\u00fdsingum \u00e1 Facebook.<\/span><\/li>\n<li><span style=\"font-family:Helvetica, Arial, sans-serif\">Haf\u00f0u bara myndir af sj\u00e1lfri \u00fe\u00e9r sem \u00fe\u00fa getur leyft \u00f6llum \u00ed heiminum a\u00f0 sj\u00e1.<\/span><\/li>\n<li><span style=\"font-family:Helvetica, Arial, sans-serif\">Settu bara inn myndir af \u00f6\u00f0rum sem \u00fe\u00fa myndir vilja a\u00f0 v\u00e6ru settar inn af \u00fe\u00e9r.<\/span><\/li>\n<li><span style=\"font-family:Helvetica, Arial, sans-serif\">Seg\u00f0u bara \u00e1 Facebook \u00fea\u00f0 sem allir \u00ed heiminum mega heyra.<\/span><\/li>\n<li><span style=\"font-family:Helvetica, Arial, sans-serif\">Spjalla\u00f0u (e. chat) bara vi\u00f0 \u00fe\u00e1 sem \u00fe\u00fa \u00feekkir.\u00a0<\/span><span style=\"font-family:Helvetica, Arial, sans-serif\">\u00dea\u00f0 er gott a\u00f0 muna a\u00f0 spjall og skilabo\u00f0 (e. message) eru yfirleitt vistu\u00f0 og au\u00f0veldlega afritu\u00f0. \u00dea\u00f0 getur vel veri\u00f0 a\u00f0 \u00feau hverfi aldrei, jafnvel \u00fe\u00f3 \u00fe\u00fa stillir \u00feau \u00feannig.<\/span><\/li>\n<li><span style=\"font-family:Helvetica, Arial, sans-serif\">\u00dea\u00f0 er \u00e1g\u00e6t regla a\u00f0 smella aldrei \u00e1 augl\u00fdsingar \u00e1 Facebook.<\/span><\/li>\n<li><span style=\"font-family:Helvetica, Arial, sans-serif\">Foreldrar \u00fe\u00ednir \u00feurfa a\u00f0 vita Facebook a\u00f0gangs- og lykilor\u00f0i\u00f0 \u00feitt.<\/span><\/li>\n<li><span style=\"font-family:Helvetica, Arial, sans-serif\">Foreldrar \u00fe\u00ednir \u00feurfa a\u00f0 lofa a\u00f0 nota aldrei Facebook a\u00f0ganginn \u00feinn til a\u00f0 gera neitt anna\u00f0 en a\u00f0 fylgjast me\u00f0 notkuninni \u00feinni. \u00deau ver\u00f0a a\u00f0 lofa a\u00f0 skrifa aldrei neitt \u00e1 s\u00ed\u00f0una \u00ed \u00fe\u00ednu nafni.<\/span><\/li>\n<li><span style=\"font-family:Helvetica, Arial, sans-serif\">Me\u00f0 \u00fev\u00ed a\u00f0 fara \u00e1 Facebook sam\u00feykkir \u00fe\u00fa a\u00f0 misnotkun \u00fe\u00edn \u00e1 vefnum \u00fe\u00fd\u00f0ir a\u00f0 foreldrar \u00fe\u00ednir geta \u00e1kve\u00f0i\u00f0 a\u00f0 loka fyrir a\u00f0gang \u00feinn.<\/span><\/li>\n<\/ol>\n","protected":false},"excerpt":{"rendered":"<p>Af hagn\u00fdtum \u00e1st\u00e6\u00f0um \u00feurfti \u00e9g n\u00fdlega a\u00f0 setjast ni\u00f0ur me\u00f0 g\u00f3\u00f0ri manneskju og sko\u00f0a hva\u00f0a reglur og heg\u00f0un v\u00e6ri mikilv\u00e6gt a\u00f0 unglingur undir 18 \u00e1ra tileinka\u00f0i s\u00e9r \u00e1 Facebook. Eftir \u00fe\u00f3nokkrar samr\u00e6\u00f0ur og vangaveltur endu\u00f0um vi\u00f0 me\u00f0 15 reglur sem gott er a\u00f0 hafa \u00ed huga.<\/p>\n","protected":false},"author":1,"featured_media":0,"comment_status":"closed","ping_status":"open","sticky":false,"template":"","format":"standard","meta":{"wds_primary_category":0,"footnotes":""},"categories":[2],"tags":[36,41,91,112,150,168],"class_list":["post-3870","post","type-post","status-publish","format-standard","hentry","category-islenska","tag-consumerism","tag-creeds","tag-internet","tag-parents","tag-teaching","tag-youthwork"],"_links":{"self":[{"href":"https:\/\/ispeculate.net\/writings\/wp-json\/wp\/v2\/posts\/3870","targetHints":{"allow":["GET"]}}],"collection":[{"href":"https:\/\/ispeculate.net\/writings\/wp-json\/wp\/v2\/posts"}],"about":[{"href":"https:\/\/ispeculate.net\/writings\/wp-json\/wp\/v2\/types\/post"}],"author":[{"embeddable":true,"href":"https:\/\/ispeculate.net\/writings\/wp-json\/wp\/v2\/users\/1"}],"replies":[{"embeddable":true,"href":"https:\/\/ispeculate.net\/writings\/wp-json\/wp\/v2\/comments?post=3870"}],"version-history":[{"count":0,"href":"https:\/\/ispeculate.net\/writings\/wp-json\/wp\/v2\/posts\/3870\/revisions"}],"wp:attachment":[{"href":"https:\/\/ispeculate.net\/writings\/wp-json\/wp\/v2\/media?parent=3870"}],"wp:term":[{"taxonomy":"category","embeddable":true,"href":"https:\/\/ispeculate.net\/writings\/wp-json\/wp\/v2\/categories?post=3870"},{"taxonomy":"post_tag","embeddable":true,"href":"https:\/\/ispeculate.net\/writings\/wp-json\/wp\/v2\/tags?post=3870"}],"curies":[{"name":"wp","href":"https:\/\/api.w.org\/{rel}","templated":true}]}}