{"id":3857,"date":"2012-02-04T00:28:37","date_gmt":"2012-02-04T00:28:37","guid":{"rendered":"https:\/\/ispeculate.wpmudev.host\/main\/?p=3857"},"modified":"2012-02-04T00:28:37","modified_gmt":"2012-02-04T00:28:37","slug":"neysluvidmid-tjaldborg-peturs-og-hjonavigsluraeda-tomasar","status":"publish","type":"post","link":"https:\/\/ispeculate.net\/writings\/2012\/02\/04\/neysluvidmid-tjaldborg-peturs-og-hjonavigsluraeda-tomasar\/","title":{"rendered":"Neysluvi\u00f0mi\u00f0, tjaldborg P\u00e9turs og hj\u00f3nav\u00edgslur\u00e6\u00f0a T\u00f3masar"},"content":{"rendered":"<p>Fyrir m\u00f6rgum \u00e1rum f\u00f3r \u00e9g \u00ed hj\u00f3nav\u00edgsluath\u00f6fn hj\u00e1 vinaf\u00f3lki \u00fear sem T\u00f3mas Sveinsson anna\u00f0ist ath\u00f6fnina. \u00cd r\u00e6\u00f0u sinni til parsins tala\u00f0i hann um hj\u00f3nav\u00edgsluath\u00f6fnina \u00ed tengslum vi\u00f0 umbreytingarfr\u00e1s\u00f6gnina \u00e1 fjallinu. \u00cd ath\u00f6fninni st\u00e6\u00f0u \u00feau \u00e1 fjallstindinum og allt v\u00e6ri fr\u00e1b\u00e6rt. Hins vegar st\u00e6\u00f0i okkur ekki til bo\u00f0a a\u00f0 vera \u00fear alltaf, \u00fea\u00f0 v\u00e6ri ekki valm\u00f6guleiki a\u00f0 setja upp tjaldb\u00fa\u00f0 \u00ed blissinu. Vi\u00f0 \u00feyrftum a\u00f0 st\u00edga ni\u00f0ur af fjallinu og takast \u00e1 vi\u00f0 hi\u00f0 daglega.<!--more--><\/p>\n<p>Fr\u00e1s\u00f6gnin af P\u00e9tri, Jes\u00fas, M\u00f3ses og El\u00ed \u00e1 fjallinu sk\u00fdtur upp kollinum hj\u00e1 m\u00e9r reglulega. \u00c9g hugsa um hana \u00feegar \u00e9g heyri eftirsj\u00e1na eftir 2007, \u00e9g velti fyrir m\u00e9r hvort neysluvi\u00f0mi\u00f0 r\u00edkisstj\u00f3rnarinnar \u00e1 s\u00ednum t\u00edma v\u00e6ru tilraun til tjaldb\u00fa\u00f0arger\u00f0ar \u00e1 fjallstindi og \u00e9g hugsa\u00f0i um sj\u00e1lfhverfu T\u00f3masar\u00a0\u00ed lj\u00f3si sj\u00e1lfhverfu \u00edslensku \u00fej\u00f3\u00f0arinnar \u00feegar \u00fea\u00f0 er tali\u00f0 e\u00f0lilegt vi\u00f0mi\u00f0 a\u00f0 fj\u00f6gurra manna fj\u00f6lskylda \u00e1 \u00cdslandi ey\u00f0i \u00ferefaldri me\u00f0alinnkomu 80% mannkyns \u00ed fr\u00edstundir \u00e1 m\u00e1nu\u00f0i.<\/p>\n<p>\u00deannig er geggja\u00f0 a\u00f0 velta fyrir s\u00e9r neysluvi\u00f0mi\u00f0unart\u00f6lunum \u00ed lj\u00f3si \u00feessarar s\u00ed\u00f0u h\u00e9r:\u00a0<a href=\"http:\/\/www.globalissues.org\/article\/26\/poverty-facts-and-stats\">http:\/\/www.globalissues.org\/article\/26\/poverty-facts-and-stats<\/a><\/p>\n<p>Neysluvi\u00f0mi\u00f0in eru um margt tjaldborgin sem Jes\u00fas sag\u00f0i P\u00e9tri a\u00f0 byggja s\u00e9r ekki. \u00cd vi\u00f0mi\u00f0unum er ekki gert r\u00e1\u00f0 fyrir \u00f6\u00f0rum. \u00deau\u00a0gera ekki r\u00e1\u00f0 fyrir neinu l\u00edknarstarfi e\u00f0a stu\u00f0ningi vi\u00f0 a\u00f0ra. Ekkert r\u00fdmi fyrir gjafir utan heimilis. Neysluvi\u00f0mi\u00f0in endurspegla sj\u00e1lfhverfuna eina \u00e1 kostna\u00f0 heimsins.<\/p>\n","protected":false},"excerpt":{"rendered":"<p>Fyrir m\u00f6rgum \u00e1rum f\u00f3r \u00e9g \u00ed hj\u00f3nav\u00edgsluath\u00f6fn hj\u00e1 vinaf\u00f3lki \u00fear sem T\u00f3mas Sveinsson anna\u00f0ist ath\u00f6fnina. \u00cd r\u00e6\u00f0u sinni til parsins tala\u00f0i hann um hj\u00f3nav\u00edgsluath\u00f6fnina \u00ed tengslum vi\u00f0 umbreytingarfr\u00e1s\u00f6gnina \u00e1 fjallinu. \u00cd ath\u00f6fninni st\u00e6\u00f0u \u00feau \u00e1 fjallstindinum og allt v\u00e6ri fr\u00e1b\u00e6rt. Hins vegar st\u00e6\u00f0i okkur ekki til bo\u00f0a a\u00f0 vera \u00fear alltaf, \u00fea\u00f0 v\u00e6ri ekki valm\u00f6guleiki &hellip; <a href=\"https:\/\/ispeculate.net\/writings\/2012\/02\/04\/neysluvidmid-tjaldborg-peturs-og-hjonavigsluraeda-tomasar\/\" class=\"more-link\">Continue reading <span class=\"screen-reader-text\">Neysluvi\u00f0mi\u00f0, tjaldborg P\u00e9turs og hj\u00f3nav\u00edgslur\u00e6\u00f0a T\u00f3masar<\/span><\/a><\/p>\n","protected":false},"author":1,"featured_media":0,"comment_status":"closed","ping_status":"open","sticky":false,"template":"","format":"standard","meta":{"wds_primary_category":0,"footnotes":""},"categories":[2],"tags":[31,36,85,87,89,121,137],"class_list":["post-3857","post","type-post","status-publish","format-standard","hentry","category-islenska","tag-clergy","tag-consumerism","tag-hruni","tag-iceland","tag-injustice","tag-preaching","tag-self"],"_links":{"self":[{"href":"https:\/\/ispeculate.net\/writings\/wp-json\/wp\/v2\/posts\/3857","targetHints":{"allow":["GET"]}}],"collection":[{"href":"https:\/\/ispeculate.net\/writings\/wp-json\/wp\/v2\/posts"}],"about":[{"href":"https:\/\/ispeculate.net\/writings\/wp-json\/wp\/v2\/types\/post"}],"author":[{"embeddable":true,"href":"https:\/\/ispeculate.net\/writings\/wp-json\/wp\/v2\/users\/1"}],"replies":[{"embeddable":true,"href":"https:\/\/ispeculate.net\/writings\/wp-json\/wp\/v2\/comments?post=3857"}],"version-history":[{"count":0,"href":"https:\/\/ispeculate.net\/writings\/wp-json\/wp\/v2\/posts\/3857\/revisions"}],"wp:attachment":[{"href":"https:\/\/ispeculate.net\/writings\/wp-json\/wp\/v2\/media?parent=3857"}],"wp:term":[{"taxonomy":"category","embeddable":true,"href":"https:\/\/ispeculate.net\/writings\/wp-json\/wp\/v2\/categories?post=3857"},{"taxonomy":"post_tag","embeddable":true,"href":"https:\/\/ispeculate.net\/writings\/wp-json\/wp\/v2\/tags?post=3857"}],"curies":[{"name":"wp","href":"https:\/\/api.w.org\/{rel}","templated":true}]}}