{"id":3708,"date":"2011-09-26T17:22:32","date_gmt":"2011-09-26T21:22:32","guid":{"rendered":"https:\/\/ispeculate.wpmudev.host\/main\/?p=3708"},"modified":"2011-09-26T17:22:32","modified_gmt":"2011-09-26T21:22:32","slug":"motsstadur-guds-og-manneskja","status":"publish","type":"post","link":"https:\/\/ispeculate.net\/writings\/2011\/09\/26\/motsstadur-guds-og-manneskja\/","title":{"rendered":"M\u00f3tssta\u00f0ur Gu\u00f0s og manneskja"},"content":{"rendered":"<p><em><a href=\"http:\/\/kirkjan.is\/langholtskirkja\/2011\/10\/04\/predikun-halldors-eliasar-djakna-a-kirkjudeginum-25-september-2011\/\">Hugvekja\/pr\u00e9dikun flutt \u00ed Langholtskirkju<\/a> \u00e1 kirkjudegi safna\u00f0arins, 14. sunnudegi eftir Trinitatis, 25. september 2011. Notast var vi\u00f0 A-textar\u00f6\u00f0 (Slm 146, Gal 5.16-24 og Lk 17.11-19).<\/em><\/p>\n<p>\u00c9g var \u00e1 Heilsud\u00f6gum karla \u00ed Vatnask\u00f3gi, sumarb\u00fa\u00f0um KFUM og KFUK fyrir r\u00e9ttri viku. Heilsudagar marka lok sumarstarfsins \u00ed Vatnask\u00f3gi en \u00fe\u00e1 m\u00e6ta yfirleitt um 50 karlar \u00e1 aldrinum 17-99 \u00e1ra \u00ed sk\u00f3ginn, taka til hendinni \u00ed hvers kyns verkefnum og nj\u00f3ta samveru hver me\u00f0 \u00f6\u00f0rum. <!--more--><\/p>\n<p>\u00dear sem vi\u00f0 vorum \u00e1 kv\u00f6ldv\u00f6kunni \u00e1 laugardeginum fyrir viku, m\u00e6ttu til leiks sex ungar konur og leyf\u00f0u okkur a\u00f0 nj\u00f3ta fr\u00e1b\u00e6rar s\u00f6ngdagskr\u00e1r. Deildu me\u00f0 okkur, k\u00f6rlum \u00e1 \u00f6llum aldri, h\u00e6fileikum s\u00ednum og metna\u00f0i. \u00de\u00e6r k\u00f6llu\u00f0u sig Langholtsd\u00e6tur.<\/p>\n<p>\u00de\u00e6r komu h\u00e9\u00f0an \u00far Langholtskirkju, til a\u00f0 gefa af s\u00e9r og gle\u00f0ja. Til a\u00f0 gera l\u00edfi\u00f0 okkar sem h\u00f6f\u00f0um safnast saman \u00ed Vatnask\u00f3gi a\u00f0eins \u00f6rl\u00edti\u00f0 \u00e1n\u00e6gjulegra og betra. \u00deegar vi\u00f0 t\u00f6lum um framt\u00ed\u00f0 kirkjunnar \u00fe\u00e1 er mikilv\u00e6gt a\u00f0 muna a\u00f0 kirkjan m\u00e1 aldrei ver\u00f0a sj\u00e1lfhverf. K\u00f6llun hennar er a\u00f0 gefa af s\u00e9r og gle\u00f0ja. \u00dea\u00f0 kunni\u00f0 \u00fei\u00f0 svo vel h\u00e9r \u00ed \u00feessum s\u00f6fnu\u00f0i.<\/p>\n<p>\u00c1\u00f0ur en lengra er haldi\u00f0 langar mig a\u00f0 tala a\u00f0eins um upp\u00e1haldsumr\u00e6\u00f0uefni\u00f0 mitt, sj\u00e1lfan mig. Eins og J\u00f3n Helgi sag\u00f0i \u00e1\u00f0an \u00fe\u00e1 er \u00e9g v\u00edg\u00f0ur dj\u00e1kni til \u00edslensku \u00fej\u00f3\u00f0kirkjunnar og starfa n\u00fa sem \u00e6skul\u00fd\u00f0sfulltr\u00fai KFUM og KFUK \u00e1 \u00cdslandi, eftir a\u00f0 hafa dvali\u00f0 s\u00ed\u00f0astli\u00f0in fimm \u00e1r vi\u00f0 n\u00e1m \u00e1 svi\u00f0i \u00e6skul\u00fd\u00f0sm\u00e1la, kirkjustarfs og lei\u00f0togafr\u00e6\u00f0a vi\u00f0 einn af gu\u00f0fr\u00e6\u00f0isk\u00f3lum l\u00fathersku kirkjunnar \u00ed BNA. \u00c9g var um t\u00edma framkv\u00e6mdastj\u00f3ri \u00c6skul\u00fd\u00f0ssambands kirkjunnar \u00ed Reykjav\u00edkurpr\u00f3fastsd\u00e6mum, hef unni\u00f0 \u00ed Vatnask\u00f3gi me\u00f0 hl\u00e9um \u00ed 20 \u00e1r og var framkv\u00e6mdastj\u00f3ri Grens\u00e1skirkju um nokkurt skei\u00f0. \u00c9g hef unni\u00f0 a\u00f0 \u00fer\u00f3unarvinnu og hvers kyns verkefnum fyrir Biskupsstofu, skrifa\u00f0 fr\u00e6\u00f0sluefni, annast lei\u00f0togafr\u00e6\u00f0slu og -\u00fej\u00e1lfun fyrir kristilegt starf og eytt \u00f3m\u00e6ldum klukkustundum, d\u00f6gum og vikum \u00ed samr\u00e6\u00f0ur um kirkjuna og framt\u00ed\u00f0 hennar, me\u00f0 \u00f6\u00f0rum or\u00f0um, \u00e9g er l\u00edklega ekki ma\u00f0urinn sem \u00fe\u00fa kallar \u00e1 ef b\u00edllinn \u00feinn b\u00edlar e\u00f0a vaskurinn st\u00edflast, \u00e9g er ekkert miki\u00f0 fyrir verklega vinnu.<\/p>\n<p>Mig langar a\u00f0 nota \u00feessa stund \u00ed dag til a\u00f0 tala um kirkjuna og framt\u00ed\u00f0ina. Ekki bara vegna \u00feess a\u00f0 J\u00f3n Helgi ba\u00f0 mig um \u00fea\u00f0, heldur vegna \u00feess a\u00f0 \u00e9g tr\u00fai \u00fev\u00ed a\u00f0 kirkjan skipti m\u00e1li. \u00c9g tr\u00fai \u00fev\u00ed a\u00f0 framt\u00ed\u00f0 kirkjunnar skipti m\u00e1li fyrir okkur \u00f6ll, fyrir \u00f6ll \u00ed landinu okkar, fyrir allt mannkyn. \u00c9g tr\u00fai \u00fev\u00ed a\u00f0 kirkjan skipti m\u00e1li vegna \u00feess a\u00f0 kirkjan er \u00ed v\u00ed\u00f0um skilningi m\u00f3tssta\u00f0ur Gu\u00f0s og manneskja, vettvangur okkar til a\u00f0 m\u00e6ta \u00feeim Gu\u00f0i sem er.<\/p>\n<p>M\u00f3tssta\u00f0ur Gu\u00f0s og manneskja er s\u00edst\u00e6tt \u00feema Heilagrar Ritningar. Gu\u00f0spjallstexti dagsins fjallar um m\u00f3t Jes\u00fas fr\u00e1 Nasaret og hinna t\u00edu l\u00edk\u00fer\u00e1u. Textinn fjallar um m\u00f3tssta\u00f0 Gu\u00f0s og manneskja, kirkjuna. \u00c9g teygi mig reyndar \u00f6rl\u00edti\u00f0 langt \u00ed t\u00falkun textans \u00feegar \u00e9g segi a\u00f0 gu\u00f0spjall dagsins l\u00fdsi gu\u00f0s\u00fej\u00f3nustunni. Vi\u00f0 komum inn \u00ed kirkjuna og k\u00f6llum til Gu\u00f0s a\u00f0 miskunna okkur l\u00edkt og l\u00edk\u00fer\u00e1u mennirnir t\u00edu, vi\u00f0 finnum og megum vita a\u00f0 Gu\u00f0 miskunnar, og \u00ed trausti til \u00feess lofum vi\u00f0 hann. L\u00edkt og Samverjinn \u00ed s\u00f6gunni \u00feurfum vi\u00f0 ekki sta\u00f0festingar vi\u00f0 fr\u00e1 \u00f6\u00f0rum, n\u00e1\u00f0arkraftur Gu\u00f0s breytir okkur. Vi\u00f0 finnum breytinguna. \u00cd lok Gu\u00f0s\u00fej\u00f3nustunnar erum vi\u00f0 s\u00ed\u00f0an send \u00fat \u00far kirkjuh\u00fasinu til \u00fej\u00f3nustu vi\u00f0 a\u00f0ra. \u201eStatt upp og far lei\u00f0ar \u00feinnar. Tr\u00fa \u00fe\u00edn hefur bjarga\u00f0 \u00fe\u00e9r.\u201c<\/p>\n<p>Framt\u00ed\u00f0 kirkjunnar er auglj\u00f3s, Gu\u00f0 mun \u00e1fram m\u00e6ta f\u00f3lki. Gu\u00f0 mun \u00e1fram elska sk\u00f6pun s\u00edna, Gu\u00f0 mun \u00e1fram kalla f\u00f3lk til g\u00f3\u00f0ra verka.<\/p>\n<p>Spurningin um framt\u00ed\u00f0 kirkjunnar er \u00feannig l\u00edklega ekki r\u00e9tt or\u00f0u\u00f0, r\u00e9ttara v\u00e6ri \u00ed okkar samhengi a\u00f0 spyrja annars vegar um framt\u00ed\u00f0 l\u00fatherskrar \u00fej\u00f3\u00f0kirkju \u00e1 \u00cdslandi og e.t.v. \u00ed samhengi afm\u00e6lish\u00e1t\u00ed\u00f0ar Langholtskirkju, um framt\u00ed\u00f0 kirkjunnar h\u00e9r \u00ed Langholti.<\/p>\n<p>\u00dea\u00f0 eru margar erfi\u00f0ar og fl\u00f3knar fl\u00e6kjur \u00ed gu\u00f0fr\u00e6\u00f0inni og \u00fea\u00f0 v\u00e6ri gaman a\u00f0 fara \u00ed h\u00e9r saumana \u00e1 samspili kirkjunnar sem mannger\u00f0s veruleika og kirkjunnar sem m\u00f3tssta\u00f0ar Gu\u00f0s og manneskja. \u00c9g g\u00e6ti fjalla\u00f0 \u00edtarlega um hvernig h\u00e6gt er a\u00f0 nota sakramentisskilning L\u00fathers til a\u00f0 for\u00f0ast a\u00f0 falla \u00ed gryfju plat\u00f3n\u00edskrar tr\u00favillu \u00feegar vi\u00f0 t\u00f6lum um \u00feetta samspil. E\u00f0a reyndar, kannski v\u00e6ri \u00fea\u00f0 ekkert gaman og l\u00edklegast er \u00fea\u00f0 fullkomlega \u00f3\u00fearft, nema \u00feegar \u00e9g \u00fearf a\u00f0 sannf\u00e6ra hina gu\u00f0fr\u00e6\u00f0inganna sem \u00e9g hitti um hva\u00f0 \u00e9g er \u00f3ge\u00f0slega kl\u00e1r og sni\u00f0ugur.<\/p>\n<p>Vi\u00f0 ver\u00f0um hins vegar a\u00f0 gera okkur grein fyrir \u00fev\u00ed burts\u00e9\u00f0 fr\u00e1 plat\u00f3n\u00edskum tr\u00favillum og gu\u00f0fr\u00e6\u00f0i\u00e6fingum \u00ed tengslum vi\u00f0 sakramentisskilning L\u00fathers a\u00f0 stofnun me\u00f0 a\u00f0setur \u00e1 Laugaveginum \u00ed Reykjav\u00edk getur ekki gert kr\u00f6fu til a\u00f0 vera m\u00f3tssta\u00f0ur Gu\u00f0s og manneskja \u00e1 forsendum hef\u00f0arinnar og hi\u00f0 sama \u00e1 vi\u00f0 um okkur sem komum saman \u00ed Langholtskirkju \u00ed dag.<\/p>\n<p>Framt\u00ed\u00f0 kirkjunnar felst ekki \u00ed a\u00f0 vi\u00f0 gerum kr\u00f6fu um a\u00f0 vera kirkja, e\u00f0a jafnvel \u00fej\u00f3\u00f0kirkja \u00ed krafti hef\u00f0ar e\u00f0a af s\u00f6gulegum \u00e1st\u00e6\u00f0um. Framt\u00ed\u00f0 \u00fej\u00f3\u00f0kirkjunnar felst ekki \u00ed \u00fev\u00ed a\u00f0 hafa \u00e1framhaldandi a\u00f0gang til bo\u00f0unar \u00ed grunnsk\u00f3lum, e\u00f0a \u00fev\u00ed a\u00f0 kennarar dreifi fyrir okkur augl\u00fdsingab\u00e6klingum. Framt\u00ed\u00f0 \u00fej\u00f3\u00f0kirkjunnar felst ekki \u00ed hver er e\u00f0a ver\u00f0ur biskup, ekki einu sinni \u00ed \u00fev\u00ed hvort a\u00f0 s\u00f3knarprestar s\u00e9u skemmtilegir. Framt\u00ed\u00f0 \u00fej\u00f3\u00f0kirkjunnar og \u00fe\u00e1 l\u00edka kirkjunnar h\u00e9r \u00e1 holtinu byggir \u00e1 \u00fev\u00ed a\u00f0 h\u00e9r, n\u00fa sem fyrr s\u00e9 m\u00f3tssta\u00f0ur Gu\u00f0s og manneskja, h\u00e9r f\u00e1i f\u00f3lk a\u00f0 m\u00e6ta Jes\u00fa Kristi lifandi og upprisnum. A\u00f0 h\u00e9r s\u00e9 vettvangur fyrir f\u00f3lk til a\u00f0 koma til m\u00f3ts vi\u00f0 Gu\u00f0, vitandi \u00fe\u00f3 \u00fea\u00f0 a\u00f0 Gu\u00f0 er au\u00f0vita\u00f0 ekki bundinn af a\u00f0 hitta okkur \u201cbara\u201d h\u00e9r.<\/p>\n<p>Ef \u00fej\u00f3\u00f0kirkjan \u00e1kve\u00f0ur a\u00f0 vera sem fyrr m\u00f3tssta\u00f0ur Gu\u00f0s og manneskja \u00fe\u00e1 \u00feurfum vi\u00f0 a\u00f0 vita a\u00f0 \u00feau stefnum\u00f3t hafa aflei\u00f0ingar fyrir \u00feau sem \u00feanga\u00f0 koma. Stefnum\u00f3t vi\u00f0 Gu\u00f0 sem skapar allt kallar okkur til a\u00f0ger\u00f0a, kallar okkur til a\u00f0 gera sk\u00f6punarverki\u00f0 a\u00f0 \u00f6rlitlu skaplegri sta\u00f0. Andi Gu\u00f0s kallar okkur eins og pistillinn segir til a\u00f0 \u00e1stunda k\u00e6rleika, gle\u00f0i, fri\u00f0, langlyndi, g\u00e6sku, g\u00f3\u00f0vild, tr\u00famennsku, h\u00f3gv\u00e6r\u00f0 og sj\u00e1lfsaga. Okkur er \u00e6tla\u00f0 \u00feegar vi\u00f0 g\u00f6ngum fr\u00e1 stefnum\u00f3tinu vi\u00f0 Gu\u00f0 a\u00f0 taka \u00fe\u00e1tt \u00ed verki skaparans, a\u00f0 reka r\u00e9tt k\u00faga\u00f0ra, gefa hungru\u00f0um brau\u00f0. leysa bandingja, opnar augu blindra, reisa upp ni\u00f0urbeyg\u00f0a, standa fyrir r\u00e9ttl\u00e6ti, vernda \u00fatlendinga, annast ekkjur og muna\u00f0arlausa. \u00dea\u00f0 er nefnilega ekki r\u00e9tt a\u00f0 \u00fea\u00f0 s\u00e9 h\u00e6ttulaust a\u00f0 kynnast Kristi. Eins og stundum hefur veri\u00f0 fullyrt \u00ed varnarr\u00e6\u00f0u kirkjunnar gagnvart meintum andst\u00e6\u00f0ingum. A\u00f0 m\u00e6ta Gu\u00f0i, og vera sendur \u00fat \u00far gu\u00f0s\u00fej\u00f3nustunni til a\u00f0 gera vilja skaparans lei\u00f0ir til breytinga, kallar okkur til n\u00fdsk\u00f6punar, og \u00f6ll vitum vi\u00f0 a\u00f0 breytingar eru erfi\u00f0ar.<\/p>\n<p>\u00deegar vi\u00f0 t\u00f6lum um framt\u00ed\u00f0 kirkjunnar, \u00fe\u00e1 \u00feurfum vi\u00f0 a\u00f0 spyrja okkur \u00ed einl\u00e6gni hvort vi\u00f0 \u00feorum a\u00f0 vera vettvangur \u00fear sem Gu\u00f0 og manneskjur m\u00e6tast, hvort vi\u00f0 \u00feorum a\u00f0 taka \u00e1h\u00e6ttuna sem felst \u00ed \u00fev\u00ed a\u00f0 m\u00e6ta Gu\u00f0i og fara s\u00ed\u00f0an \u00fat og gera vilja skaparans.<\/p>\n<p>\u00deegar Gu\u00f0 sendir okkur burt af stefnum\u00f3tinu, \u00fe\u00e1 getum vi\u00f0 lent eins og Hafd\u00eds Mar\u00eda sem kemur \u00far s\u00f6fnu\u00f0inum h\u00e9r \u00ed myndbandi sem er s\u00fdnt \u00ed \u00f6llum sunnudagask\u00f3lum \u00fej\u00f3\u00f0kirkjunnar. Skyndilega er h\u00fan Hafd\u00eds besta vinkona Klemma \u00ed hugum \u00fe\u00fasunda 3-7 \u00e1ra barna um land allt. Vi\u00f0 getum fundi\u00f0 til k\u00f6llunar um a\u00f0 taka fara \u00fat og taka st\u00f6\u00f0u me\u00f0 k\u00fagu\u00f0um n\u00e1unga okkar \u00fat \u00ed Palest\u00ednu, eins og alltm\u00f6gulegt manneskjan ykkar, h\u00fan Krist\u00edn Sveinsd\u00f3ttir hefur gert. \u00dei\u00f0 geti\u00f0 enda\u00f0 \u00e1 svi\u00f0i \u00ed Manchester me\u00f0 einum \u00feekktasta listamanni heims a\u00f0 gle\u00f0ja tug\u00fe\u00fasundir, sending Gu\u00f0s getur leitt okkur inn \u00ed h\u00f3telgar\u00f0 \u00e1 hrundu h\u00f3teli eftir jar\u00f0skj\u00e1lfta \u00fear sem vi\u00f0 reynum af vanm\u00e6tti a\u00f0 losa konu sem hefur grafist undir grj\u00f3thr\u00fagu \u00fear sem \u00e1\u00f0ur st\u00f3\u00f0 h\u00f3telhergi\u00f0 okkar e\u00f0a Gu\u00f0 getur sent okkur \u00ed kv\u00f6ldv\u00f6kusalinn \u00ed Vatnask\u00f3gi a\u00f0 syngja \u201cKrummi krunkar \u00fati,\u201d kalla\u00f0 okkur a\u00f0 leyfa \u00f6\u00f0rum a\u00f0 nj\u00f3ta fegur\u00f0ar t\u00f3nlistarinnar sem er uppruninn h\u00e9r \u00ed Langholtskirkju, \u00feessum sta\u00f0 sem svo sannarlega er m\u00f3tssta\u00f0ur Gu\u00f0s og manneskja.<\/p>\n","protected":false},"excerpt":{"rendered":"<p>Hugvekja\/pr\u00e9dikun flutt \u00ed Langholtskirkju \u00e1 kirkjudegi safna\u00f0arins, 14. sunnudegi eftir Trinitatis, 25. september 2011. Notast var vi\u00f0 A-textar\u00f6\u00f0 (Slm 146, Gal 5.16-24 og Lk 17.11-19). \u00c9g var \u00e1 Heilsud\u00f6gum karla \u00ed Vatnask\u00f3gi, sumarb\u00fa\u00f0um KFUM og KFUK fyrir r\u00e9ttri viku. Heilsudagar marka lok sumarstarfsins \u00ed Vatnask\u00f3gi en \u00fe\u00e1 m\u00e6ta yfirleitt um 50 karlar \u00e1 aldrinum 17-99 &hellip; <a href=\"https:\/\/ispeculate.net\/writings\/2011\/09\/26\/motsstadur-guds-og-manneskja\/\" class=\"more-link\">Continue reading <span class=\"screen-reader-text\">M\u00f3tssta\u00f0ur Gu\u00f0s og manneskja<\/span><\/a><\/p>\n","protected":false},"author":1,"featured_media":0,"comment_status":"closed","ping_status":"open","sticky":false,"template":"","format":"standard","meta":{"wds_primary_category":0,"footnotes":""},"categories":[2],"tags":[34,41,45,68,100,137,145,147,154],"class_list":["post-3708","post","type-post","status-publish","format-standard","hentry","category-islenska","tag-community","tag-creeds","tag-deeds","tag-gathering","tag-liturgy","tag-self","tag-state-church","tag-storytelling","tag-theology"],"_links":{"self":[{"href":"https:\/\/ispeculate.net\/writings\/wp-json\/wp\/v2\/posts\/3708","targetHints":{"allow":["GET"]}}],"collection":[{"href":"https:\/\/ispeculate.net\/writings\/wp-json\/wp\/v2\/posts"}],"about":[{"href":"https:\/\/ispeculate.net\/writings\/wp-json\/wp\/v2\/types\/post"}],"author":[{"embeddable":true,"href":"https:\/\/ispeculate.net\/writings\/wp-json\/wp\/v2\/users\/1"}],"replies":[{"embeddable":true,"href":"https:\/\/ispeculate.net\/writings\/wp-json\/wp\/v2\/comments?post=3708"}],"version-history":[{"count":0,"href":"https:\/\/ispeculate.net\/writings\/wp-json\/wp\/v2\/posts\/3708\/revisions"}],"wp:attachment":[{"href":"https:\/\/ispeculate.net\/writings\/wp-json\/wp\/v2\/media?parent=3708"}],"wp:term":[{"taxonomy":"category","embeddable":true,"href":"https:\/\/ispeculate.net\/writings\/wp-json\/wp\/v2\/categories?post=3708"},{"taxonomy":"post_tag","embeddable":true,"href":"https:\/\/ispeculate.net\/writings\/wp-json\/wp\/v2\/tags?post=3708"}],"curies":[{"name":"wp","href":"https:\/\/api.w.org\/{rel}","templated":true}]}}