{"id":266,"date":"2006-05-22T15:28:14","date_gmt":"2006-05-22T15:28:14","guid":{"rendered":"http:\/\/elli.annall.is\/2006-05-22\/15.28.14"},"modified":"2006-05-22T15:28:14","modified_gmt":"2006-05-22T15:28:14","slug":"152814","status":"publish","type":"post","link":"https:\/\/ispeculate.net\/writings\/2006\/05\/22\/152814\/","title":{"rendered":"Rosa Parks"},"content":{"rendered":"<p>Fyrir nokkrum vikum var \u00ed str\u00e6t\u00f3 h\u00e9r \u00ed Columbus me\u00f0 \u00d6nnu Laufeyju. \u00c1 augl\u00fdsingaspj\u00f6ldum \u00ed vagninum vorum vi\u00f0 minnt \u00e1 a\u00f0 minnast Rosa Parks og hennar framlags til r\u00e9ttindabar\u00e1ttunnar. \u00dea\u00f0 sem hins vegar stakk mig var s\u00fa p\u00f3l\u00edt\u00edska ranghugsun a\u00f0 framlag hennar hef\u00f0i \u00e1tt \u00fe\u00e1tt \u00ed \u00fev\u00ed a\u00f0 str\u00e6t\u00f3 h\u00e9r \u00ed Columbus er &#8220;all-Black&#8221;. \u00deannig voru \u00e9g og Anna einu far\u00feegarnir \u00ed vagninum \u00ed sem ekki voru African-American. Hv\u00edtt f\u00f3lk getur ekki stokki\u00f0 sag\u00f0i \u00ed g\u00f3\u00f0ri mynd, en \u00feeir vir\u00f0ast ekki heldur taka str\u00e6t\u00f3.<\/p>\n<p> <!--more--> <\/p>\n<p>\u00deetta rifja\u00f0ist upp fyrir m\u00e9r \u00feegar \u00e9g s\u00e1 <a href=\"http:\/\/www.mbl.is\/mm\/frettir\/erlent\/frett.html?nid=1202769\">fr\u00e9tt um hlutfall svarta karlmanna \u00e1 aldrinum 25-29 \u00e1ra \u00ed fangelsum h\u00e9r \u00ed BNA<\/a>. \u00dea\u00f0 er nefnilega svo a\u00f0 jafnr\u00e6\u00f0i\u00f0 er ekki til sta\u00f0ar. En hvers vegna ekki?<br \/>\u00c1 heimas\u00ed\u00f0u Columbus Dispatch er h\u00e6gt a\u00f0 sj\u00e1 <a href=\"http:\/\/www.dispatch.com\/greatschools\/greatschools.php\">afleidda s\u00ed\u00f0u<\/a> af greatschools.net. \u00c1 \u00feeirri s\u00ed\u00f0u er m.a. h\u00e6gt a\u00f0 fletta upp opinberum grunnsk\u00f3lum \u00ed n\u00e1grenni vi\u00f0 heimili sitt og sj\u00e1 hvernig \u00feeir standa \u00ed samanbur\u00f0i vi\u00f0 a\u00f0ra. \u00deegar \u00e9g sko\u00f0a\u00f0i sk\u00f3lana \u00ed n\u00e1grenni vi\u00f0 mig, var munurinn \u00e1 \u00e1rangri g\u00edfurlegur eftir \u00fev\u00ed hvort \u00e9g h\u00e9lt \u00ed austur inn \u00ed Bexley b\u00e6 e\u00f0a sko\u00f0a\u00f0i sk\u00f3la vestan vi\u00f0 mig. \u00deannig n\u00e1 89% barnanna tilskyldum \u00e1rangri \u00ed 3. bekkjar st\u00e6r\u00f0fr\u00e6\u00f0i \u00ed Cassingham Elementary (sem er \u00ed 0.7 m\u00edlna fjarl\u00e6g\u00f0 \u00ed austur) en einungis 25% barnanna \u00ed Fairwood Alternative (vestur \u00ed 0.6 m\u00edlna fjarl\u00e6g\u00f0) n\u00e1 sama pr\u00f3fi. Samb\u00e6rilegur munur er \u00e1 \u00f6\u00f0rum sk\u00f3lum og \u00f6\u00f0rum pr\u00f3fum. \u00dea\u00f0 sem einnig er sl\u00e1andi er a\u00f0 \u00ed Cassingham eru 96% hv\u00edt, me\u00f0an hlutfalli\u00f0 \u00ed Fairwood er r\u00e9tt um 2%. Me\u00f0 \u00f6\u00f0rum or\u00f0um sk\u00f3lakerfi\u00f0 h\u00e9r \u00ed \u00feessum hluta mid-Ohio er \u00fev\u00ed sem n\u00e6st algj\u00f6rlega skipt eftir h\u00f6rundslit.<br \/>\u00deessi skipting byggir \u00fev\u00ed sem n\u00e6st einv\u00f6r\u00f0ungu \u00e1 peningum. Til a\u00f0 geta sent barn \u00ed Cassingham \u00fearftu a\u00f0 b\u00faa austan megin vi\u00f0 Alumn Greek \u00e1na. H\u00fasn\u00e6\u00f0i \u00feeim megin er a.m.k. 4-5 sinnum d\u00fdrara en &#8220;samb\u00e6rilegt h\u00fas&#8221; \u00e1 vesturbakkanum. \u00deannig eru m\u00f6guleikar barna \u00e1 a\u00f0 ver\u00f0a eitthva\u00f0 algj\u00f6rlega h\u00e1\u00f0 afkomu og forgangsr\u00f6\u00f0un foreldranna. M\u00f6guleikarnir \u00e1 a\u00f0 vinna sig upp, komast austur yfir eru \u00fev\u00ed sem n\u00e6st engir. \u00deau sem alast upp vestan megin \u00e1n m\u00f6guleika \u00e1 menntun hafa f\u00e1 t\u00e6kif\u00e6ri \u00ed l\u00edfinu. Kannski eru gl\u00e6pakl\u00edkurnar eini vinnuveitandinn sem gerir ekki kr\u00f6fu um BA-pr\u00f3f.<\/p>\n","protected":false},"excerpt":{"rendered":"<p>Fyrir nokkrum vikum var \u00ed str\u00e6t\u00f3 h\u00e9r \u00ed Columbus me\u00f0 \u00d6nnu Laufeyju. \u00c1 augl\u00fdsingaspj\u00f6ldum \u00ed vagninum vorum vi\u00f0 minnt \u00e1 a\u00f0 minnast Rosa Parks og hennar framlags til r\u00e9ttindabar\u00e1ttunnar. \u00dea\u00f0 sem hins vegar stakk mig var s\u00fa p\u00f3l\u00edt\u00edska ranghugsun a\u00f0 framlag hennar hef\u00f0i \u00e1tt \u00fe\u00e1tt \u00ed \u00fev\u00ed a\u00f0 str\u00e6t\u00f3 h\u00e9r \u00ed Columbus er &#8220;all-Black&#8221;. \u00deannig &hellip; <a href=\"https:\/\/ispeculate.net\/writings\/2006\/05\/22\/152814\/\" class=\"more-link\">Continue reading <span class=\"screen-reader-text\">Rosa Parks<\/span><\/a><\/p>\n","protected":false},"author":1,"featured_media":0,"comment_status":"closed","ping_status":"open","sticky":false,"template":"","format":"standard","meta":{"wds_primary_category":0,"footnotes":""},"categories":[2],"tags":[118,124],"class_list":["post-266","post","type-post","status-publish","format-standard","hentry","category-islenska","tag-politics","tag-racism"],"_links":{"self":[{"href":"https:\/\/ispeculate.net\/writings\/wp-json\/wp\/v2\/posts\/266","targetHints":{"allow":["GET"]}}],"collection":[{"href":"https:\/\/ispeculate.net\/writings\/wp-json\/wp\/v2\/posts"}],"about":[{"href":"https:\/\/ispeculate.net\/writings\/wp-json\/wp\/v2\/types\/post"}],"author":[{"embeddable":true,"href":"https:\/\/ispeculate.net\/writings\/wp-json\/wp\/v2\/users\/1"}],"replies":[{"embeddable":true,"href":"https:\/\/ispeculate.net\/writings\/wp-json\/wp\/v2\/comments?post=266"}],"version-history":[{"count":0,"href":"https:\/\/ispeculate.net\/writings\/wp-json\/wp\/v2\/posts\/266\/revisions"}],"wp:attachment":[{"href":"https:\/\/ispeculate.net\/writings\/wp-json\/wp\/v2\/media?parent=266"}],"wp:term":[{"taxonomy":"category","embeddable":true,"href":"https:\/\/ispeculate.net\/writings\/wp-json\/wp\/v2\/categories?post=266"},{"taxonomy":"post_tag","embeddable":true,"href":"https:\/\/ispeculate.net\/writings\/wp-json\/wp\/v2\/tags?post=266"}],"curies":[{"name":"wp","href":"https:\/\/api.w.org\/{rel}","templated":true}]}}