{"id":13,"date":"2004-05-19T15:10:54","date_gmt":"2004-05-19T15:10:54","guid":{"rendered":"http:\/\/elli.annall.is\/2004-05-19\/15.10.54"},"modified":"2004-05-19T15:10:54","modified_gmt":"2004-05-19T15:10:54","slug":"151054","status":"publish","type":"post","link":"https:\/\/ispeculate.net\/writings\/2004\/05\/19\/151054\/","title":{"rendered":"Dj\u00e1knar \u00e1 \u00cdslandi"},"content":{"rendered":"<p>Fr\u00e1 1995 (9 \u00e1r) \u00feegar fyrstu dj\u00e1knarnir voru v\u00edg\u00f0ir eftir a\u00f0 n\u00e1mi\u00f0 var teki\u00f0 upp vi\u00f0 Gu\u00f0fr\u00e6\u00f0ideildina hafa 8 af 20 s\u00f6fnu\u00f0um \u00ed Reykjav\u00edkurpr\u00f3fastsd\u00e6mum r\u00e1\u00f0i\u00f0 dj\u00e1kna til starfa. A\u00f0eins eru starfandi dj\u00e1knar \u00ed fj\u00f3rum af \u00feessum kirkjum \u00ed dag. Einn b\u00fain a\u00f0 segja upp, annar \u00ed 15% starfi og s\u00e1 \u00feri\u00f0ji b\u00fain a\u00f0 starfa r\u00e9tt r\u00fama 13 m\u00e1nu\u00f0i. <br \/>S\u00f6mu s\u00f6gu m\u00e1 segja \u00far \u00f6\u00f0rum pr\u00f3fastsd\u00e6mum, alls hafa 10 s\u00f6fnu\u00f0ir utan Reykjav\u00edkurpr\u00f3fastd\u00e6mis vestra r\u00e1\u00f0i\u00f0 dj\u00e1kna og af \u00feeim eru fimm me\u00f0 dj\u00e1kna \u00ed dag. <br \/>Me\u00f0al starfst\u00edmi \u00e6skul\u00fd\u00f0sfulltr\u00faa \u00ed s\u00f6fnu\u00f0um \u00ed ensku biskupakirkjunni \u00ed Englandi er 18 m\u00e1nu\u00f0ir. Helsta \u00e1st\u00e6\u00f0a \u00feess a\u00f0 \u00feeir h\u00e6tta er a\u00f0 starfsumhverfi\u00f0 gerir ekki r\u00e1\u00f0 fyrir \u00feeim. \u00c9g hef \u00e1hyggjur af a\u00f0 \u00feetta s\u00e9 einnig raunin me\u00f0 dj\u00e1knanna \u00ed \u00edslensku \u00fej\u00f3\u00f0kirkjunni. <em>(Upphaflega skrifa\u00f0 31. mars 2004)<\/em><\/p>\n","protected":false},"excerpt":{"rendered":"<p>Fr\u00e1 1995 (9 \u00e1r) \u00feegar fyrstu dj\u00e1knarnir voru v\u00edg\u00f0ir eftir a\u00f0 n\u00e1mi\u00f0 var teki\u00f0 upp vi\u00f0 Gu\u00f0fr\u00e6\u00f0ideildina hafa 8 af 20 s\u00f6fnu\u00f0um \u00ed Reykjav\u00edkurpr\u00f3fastsd\u00e6mum r\u00e1\u00f0i\u00f0 dj\u00e1kna til starfa. A\u00f0eins eru starfandi dj\u00e1knar \u00ed fj\u00f3rum af \u00feessum kirkjum \u00ed dag. Einn b\u00fain a\u00f0 segja upp, annar \u00ed 15% starfi og s\u00e1 \u00feri\u00f0ji b\u00fain a\u00f0 starfa r\u00e9tt &hellip; <a href=\"https:\/\/ispeculate.net\/writings\/2004\/05\/19\/151054\/\" class=\"more-link\">Continue reading <span class=\"screen-reader-text\">Dj\u00e1knar \u00e1 \u00cdslandi<\/span><\/a><\/p>\n","protected":false},"author":1,"featured_media":0,"comment_status":"closed","ping_status":"open","sticky":false,"template":"","format":"standard","meta":{"wds_primary_category":0,"footnotes":""},"categories":[2],"tags":[29],"class_list":["post-13","post","type-post","status-publish","format-standard","hentry","category-islenska","tag-church"],"_links":{"self":[{"href":"https:\/\/ispeculate.net\/writings\/wp-json\/wp\/v2\/posts\/13","targetHints":{"allow":["GET"]}}],"collection":[{"href":"https:\/\/ispeculate.net\/writings\/wp-json\/wp\/v2\/posts"}],"about":[{"href":"https:\/\/ispeculate.net\/writings\/wp-json\/wp\/v2\/types\/post"}],"author":[{"embeddable":true,"href":"https:\/\/ispeculate.net\/writings\/wp-json\/wp\/v2\/users\/1"}],"replies":[{"embeddable":true,"href":"https:\/\/ispeculate.net\/writings\/wp-json\/wp\/v2\/comments?post=13"}],"version-history":[{"count":0,"href":"https:\/\/ispeculate.net\/writings\/wp-json\/wp\/v2\/posts\/13\/revisions"}],"wp:attachment":[{"href":"https:\/\/ispeculate.net\/writings\/wp-json\/wp\/v2\/media?parent=13"}],"wp:term":[{"taxonomy":"category","embeddable":true,"href":"https:\/\/ispeculate.net\/writings\/wp-json\/wp\/v2\/categories?post=13"},{"taxonomy":"post_tag","embeddable":true,"href":"https:\/\/ispeculate.net\/writings\/wp-json\/wp\/v2\/tags?post=13"}],"curies":[{"name":"wp","href":"https:\/\/api.w.org\/{rel}","templated":true}]}}