{"id":12,"date":"2004-05-19T15:07:22","date_gmt":"2004-05-19T15:07:22","guid":{"rendered":"http:\/\/elli.annall.is\/2004-05-19\/15.07.22"},"modified":"2004-05-19T15:07:22","modified_gmt":"2004-05-19T15:07:22","slug":"150722","status":"publish","type":"post","link":"https:\/\/ispeculate.net\/writings\/2004\/05\/19\/150722\/","title":{"rendered":"Ekki fr\u00e9tt"},"content":{"rendered":"<p><a href=\"http:\/\/www.mbl.is\/\">Morgunbla\u00f0i\u00f0<\/a> birtir \u00ed dag fr\u00e9tt um <a href=\"http:\/\/www.mbl.is\/mm\/frettir\/innlent\/frett.html?nid=1072681\">neikv\u00e6\u00f0 tengsl t\u00f3nlistarn\u00e1ms og v\u00edmuefnaneyslu<\/a> . \u00deetta er EKKI fr\u00e9tt. Sta\u00f0reyndin er einfaldlega s\u00fa a\u00f0 b\u00f6rn sem eru \u00ed g\u00f3\u00f0um tengslum vi\u00f0 foreldra s\u00edna eru l\u00edklegri til a\u00f0 nota ekki v\u00edmuefni.<br \/>\n\u00dea\u00f0 \u00e1 a\u00f0 \u00f6llu j\u00f6fnu vi\u00f0 um t\u00f3nlistarnemendur, s\u00e9rstaklega \u00ed efri bekkjum grunnsk\u00f3la. \u00deau \u00feurfa skilning og stu\u00f0ning foreldra sinna til a\u00f0 geta sinnt n\u00e1minu sem skyldi.<br \/>\nN\u00e1mi\u00f0 er fokd\u00fdrt sem segir okkur a\u00f0 vi\u00f0komandi foreldrar hafi MEIRI peninga milli handanna en gengur og gerist. \u00de\u00e1 er mikilv\u00e6gt a\u00f0 foreldrarnir \u00feurfa a\u00f0 gefa s\u00e9r t\u00edma til a\u00f0 taka \u00fe\u00e1tt \u00ed n\u00e1minu a\u00f0 einhverju leiti. \u00dea\u00f0 hef\u00f0i veri\u00f0 fr\u00e9tt og \u00fea\u00f0 st\u00f3rfr\u00e9tt ef ekki hef\u00f0u veri\u00f0 neikv\u00e6\u00f0 tengsl milli v\u00edmuefnanotkunar og t\u00f3nlistarn\u00e1ms. <em>(Upphaflega skrifa\u00f0 22. febr\u00faar 2004)<\/em><\/p>\n","protected":false},"excerpt":{"rendered":"<p>Morgunbla\u00f0i\u00f0 birtir \u00ed dag fr\u00e9tt um neikv\u00e6\u00f0 tengsl t\u00f3nlistarn\u00e1ms og v\u00edmuefnaneyslu . \u00deetta er EKKI fr\u00e9tt. Sta\u00f0reyndin er einfaldlega s\u00fa a\u00f0 b\u00f6rn sem eru \u00ed g\u00f3\u00f0um tengslum vi\u00f0 foreldra s\u00edna eru l\u00edklegri til a\u00f0 nota ekki v\u00edmuefni. \u00dea\u00f0 \u00e1 a\u00f0 \u00f6llu j\u00f6fnu vi\u00f0 um t\u00f3nlistarnemendur, s\u00e9rstaklega \u00ed efri bekkjum grunnsk\u00f3la. \u00deau \u00feurfa skilning og stu\u00f0ning &hellip; <a href=\"https:\/\/ispeculate.net\/writings\/2004\/05\/19\/150722\/\" class=\"more-link\">Continue reading <span class=\"screen-reader-text\">Ekki fr\u00e9tt<\/span><\/a><\/p>\n","protected":false},"author":1,"featured_media":0,"comment_status":"closed","ping_status":"open","sticky":false,"template":"","format":"standard","meta":{"wds_primary_category":0,"footnotes":""},"categories":[2],"tags":[89,168],"class_list":["post-12","post","type-post","status-publish","format-standard","hentry","category-islenska","tag-injustice","tag-youthwork"],"_links":{"self":[{"href":"https:\/\/ispeculate.net\/writings\/wp-json\/wp\/v2\/posts\/12","targetHints":{"allow":["GET"]}}],"collection":[{"href":"https:\/\/ispeculate.net\/writings\/wp-json\/wp\/v2\/posts"}],"about":[{"href":"https:\/\/ispeculate.net\/writings\/wp-json\/wp\/v2\/types\/post"}],"author":[{"embeddable":true,"href":"https:\/\/ispeculate.net\/writings\/wp-json\/wp\/v2\/users\/1"}],"replies":[{"embeddable":true,"href":"https:\/\/ispeculate.net\/writings\/wp-json\/wp\/v2\/comments?post=12"}],"version-history":[{"count":0,"href":"https:\/\/ispeculate.net\/writings\/wp-json\/wp\/v2\/posts\/12\/revisions"}],"wp:attachment":[{"href":"https:\/\/ispeculate.net\/writings\/wp-json\/wp\/v2\/media?parent=12"}],"wp:term":[{"taxonomy":"category","embeddable":true,"href":"https:\/\/ispeculate.net\/writings\/wp-json\/wp\/v2\/categories?post=12"},{"taxonomy":"post_tag","embeddable":true,"href":"https:\/\/ispeculate.net\/writings\/wp-json\/wp\/v2\/tags?post=12"}],"curies":[{"name":"wp","href":"https:\/\/api.w.org\/{rel}","templated":true}]}}